{"id":475644,"date":"2017-04-24T14:33:55","date_gmt":"2017-04-24T19:33:55","guid":{"rendered":"https:\/\/www.futboltotal.com.mx\/?p=475644"},"modified":"2017-04-24T14:33:55","modified_gmt":"2017-04-24T19:33:55","slug":"bartra-recibio-amenazas-elogiar-al-d10s-messi","status":"publish","type":"post","link":"http:\/\/desarrollo.grupomedios.com\/futbol\/futbol-internacional\/bartra-recibio-amenazas-elogiar-al-d10s-messi\/2017\/04","title":{"rendered":"Bartra recibi\u00f3 amenazas por elogiar al D10S Messi"},"content":{"rendered":"<p>La brutal exhibici\u00f3n de <strong>Lionel Messi<\/strong> en el Cl\u00e1sico ante el Real Madrid, en la que marc\u00f3 un doblete para firmar la victoria 1-2 en el Santiago Bernab\u00e9u, provoc\u00f3 que el defensa del Borussia Dortmund, Marc Bartra, recordar\u00e1 su pasado cul\u00e9 y se rindiera al crack rosarino con un tuit.<\/p>\n<p>&#8220;D10S&#8221;, escribi\u00f3 el canterano de los Cul\u00e9s. A m\u00e1s de uno no le gust\u00f3 y entre los diversos comentarios hubo uno que salt\u00f3 de tono porque le desearon la muerte.<\/p>\n<p style=\"text-align: center;\"><span style=\"color: #3366ff;\">VER M\u00c1S: Todas las noticias de futbol internacional\u00a0<\/span><\/p>\n<blockquote class=\"twitter-tweet\" data-lang=\"es\">\n<p dir=\"ltr\" lang=\"und\">D10S<\/p>\n<p>\u2014 Marc Bartra (@MarcBartra) <a href=\"https:\/\/twitter.com\/MarcBartra\/status\/856246990832848902\">23 de abril de 2017<\/a><\/p><\/blockquote>\n<p><script async src=\"\/\/platform.twitter.com\/widgets.js\" charset=\"utf-8\"><\/script><\/p>\n<blockquote><p>&#8220;Ojal\u00e1 la bomba te hubiese explotado en la cara MALDITO ATT&#8221;, le respondi\u00f3 uno de los usuarios en redes sociales en alusi\u00f3n al ataque que sufri\u00f3 hace un par de semanas el cami\u00f3n del BVB y en el que Marc sali\u00f3 herido.<\/p><\/blockquote>\n<p>El gest\u00f3 desat\u00f3 infinidad de respuestas y ocasion\u00f3 que salieran en defensa de Bartra varios usuarios, incluso de los fan\u00e1ticos del Real Madrid.<\/p>\n<blockquote><p>&#8220;Soy del Madrid, me jode la victoria del Bar\u00e7a&#8230; Pero de ah\u00ed a desear la muerte a <a class=\"twitter-atreply pretty-link js-nav\" dir=\"ltr\" href=\"https:\/\/twitter.com\/MarcBartra\" data-mentioned-user-id=\"172782604\"><s>@<\/s><b>MarcBartra<\/b><\/a> me parece inaceptable! La vida, ante todo&#8221;, public\u00f3 <span class=\"username u-dir\" dir=\"ltr\" data-aria-label-part=\"\">@<b>LuxJess.\u00a0<\/b><\/span><\/p><\/blockquote>\n","protected":false},"excerpt":{"rendered":"<p>El zaguero recibi\u00f3 duras cr\u00edticas por rendirse ante los goles de Lio en el Cl\u00e1sico.<\/p>\n","protected":false},"author":20,"featured_media":475647,"comment_status":"closed","ping_status":"closed","sticky":false,"template":"","format":"standard","meta":[],"categories":[5419,3839,3844],"tags":[6012,6893],"_links":{"self":[{"href":"http:\/\/desarrollo.grupomedios.com\/futbol\/wp-json\/wp\/v2\/posts\/475644"}],"collection":[{"href":"http:\/\/desarrollo.grupomedios.com\/futbol\/wp-json\/wp\/v2\/posts"}],"about":[{"href":"http:\/\/desarrollo.grupomedios.com\/futbol\/wp-json\/wp\/v2\/types\/post"}],"author":[{"embeddable":true,"href":"http:\/\/desarrollo.grupomedios.com\/futbol\/wp-json\/wp\/v2\/users\/20"}],"replies":[{"embeddable":true,"href":"http:\/\/desarrollo.grupomedios.com\/futbol\/wp-json\/wp\/v2\/comments?post=475644"}],"version-history":[{"count":1,"href":"http:\/\/desarrollo.grupomedios.com\/futbol\/wp-json\/wp\/v2\/posts\/475644\/revisions"}],"predecessor-version":[{"id":475648,"href":"http:\/\/desarrollo.grupomedios.com\/futbol\/wp-json\/wp\/v2\/posts\/475644\/revisions\/475648"}],"wp:featuredmedia":[{"embeddable":true,"href":"http:\/\/desarrollo.grupomedios.com\/futbol\/wp-json\/wp\/v2\/media\/475647"}],"wp:attachment":[{"href":"http:\/\/desarrollo.grupomedios.com\/futbol\/wp-json\/wp\/v2\/media?parent=475644"}],"wp:term":[{"taxonomy":"category","embeddable":true,"href":"http:\/\/desarrollo.grupomedios.com\/futbol\/wp-json\/wp\/v2\/categories?post=475644"},{"taxonomy":"post_tag","embeddable":true,"href":"http:\/\/desarrollo.grupomedios.com\/futbol\/wp-json\/wp\/v2\/tags?post=475644"}],"curies":[{"name":"wp","href":"https:\/\/api.w.org\/{rel}","templated":true}]}}