{"id":475726,"date":"2017-04-25T09:54:57","date_gmt":"2017-04-25T14:54:57","guid":{"rendered":"https:\/\/www.futboltotal.com.mx\/?p=475726"},"modified":"2017-04-25T09:55:28","modified_gmt":"2017-04-25T14:55:28","slug":"ahora-madrid-vale-nada-zinedine-zidane","status":"publish","type":"post","link":"http:\/\/desarrollo.grupomedios.com\/futbol\/futbol-internacional\/liga-de-espana\/ahora-madrid-vale-nada-zinedine-zidane\/2017\/04","title":{"rendered":"Ahora resulta que el Madrid no vale nada: Zidane"},"content":{"rendered":"<p><strong>Zinedine Zidane<\/strong>, t\u00e9cnico del Real Madrid, se mostr\u00f3 comprensivo ante la cr\u00edtica demostrando manejar lo que se desata tras un cl\u00e1sico, pero se neg\u00f3 a asumir que &#8220;ahora el Barcelona va a ganar la liga y el Real Madrid no vale nada&#8221;.<\/p>\n<p>&#8220;Era el mejor partido para no perder pero al final son tres puntos que perdemos y ma\u00f1ana tenemos otros tres. Pensamos \u00fanicamente en el partido de Riazor. Cada uno puede opinar, ahora el Barcelona va a ganar la Liga y el Real Madrid no vale nada y no es as\u00ed&#8221;, dijo.<\/p>\n<p style=\"text-align: center;\"><a href=\"https:\/\/www.futboltotal.com.mx\/2017\/04\/ex-club-carlos-vela-en-la-premier-lo-quiere-vuelta\/\"><span style=\"color: #3366ff;\">VER M\u00c1S:\u00a0Un ex club de Carlos Vela en la Premier lo quiere de vuelta<\/span><\/a><\/p>\n<p>&#8220;Pero no podemos evitarlo y nos concentramos en lo que tenemos que hacer. A mis jugadores les digo que no vamos a cambiar nada de lo que estamos haciendo. Sabemos la importancia de cada partido y seguiremos adelante trabajando fuerte porque en el futbol se puede perder un partido&#8221;, a\u00f1adi\u00f3.<\/p>\n<p>Refrend\u00f3 todo lo que hizo <strong>Zinedine Zidane<\/strong> en el duelo ante el <em>Bar\u00e7a<\/em>, sin arrepentirse de nada y no ocult\u00f3 el enfado con el que acab\u00f3 el partido por recibir un gol de Leo Messi en el \u00faltimo segundo cuando el empate le val\u00eda a su equipo para acercarse al t\u00edtulo liguero.<\/p>\n<p>&#8220;No cambiar\u00eda nada, absolutamente nada. Har\u00eda lo mismo. Hicimos un gran partido y perdimos. Cometimos errores, yo el primero, pero asumimos el riesgo de cara al mundo. Fue un gran partido de los dos equipos. Ganaron ellos y se acab\u00f3 el tema. Me molest\u00f3 porque no me gusta perder pero no cambiar\u00eda nada&#8221;, asegur\u00f3.<\/p>\n<p style=\"text-align: center;\"><a href=\"https:\/\/www.futboltotal.com.mx\/2017\/04\/fan-real-madrid-festejo-segundo-gol-messi-en-bernabeu\/\"><span style=\"color: #3366ff;\">VER M\u00c1S:\u00a0Fan de Real Madrid festej\u00f3 2do. gol de Messi\u2026 \u00a1en el Bernab\u00e9u!<\/span><\/a><\/p>\n<p>E intent\u00f3 el t\u00e9cnico franc\u00e9s que la cr\u00edtica tras la derrota no cale en un vestuario acostumbrado al elogio y a las duras palabras. &#8220;No digo si hay mucha cr\u00edtica o no, la tenemos que aguantar. Cuando jugamos bien se habla bien del Madrid y cuando perdemos hay que saber aceptarlas. A veces te dan m\u00e1s rabia y ganas&#8221;.<\/p>\n<p><strong>Zidane<\/strong> intenta que la mente de sus jugadores est\u00e9 en encarar cada partido restante hasta final de temporada como una final. &#8220;En Riazor va a ser un partido dif\u00edcil ante un rival dif\u00edcil, pero no cambia nada lo que va a pasar a final de temporada en los seis partidos de liga que nos quedan&#8221;.<\/p>\n<p><b>S\u00edguenos en <span id=\"m_-965668285291479288goog_2054972132\"><\/span>Twitter <a href=\"https:\/\/twitter.com\/MXFutbolTotal\" target=\"_blank\" data-saferedirecturl=\"https:\/\/www.google.com\/url?hl=es&amp;q=https:\/\/twitter.com\/MXFutbolTotal&amp;source=gmail&amp;ust=1493217717880000&amp;usg=AFQjCNE_TPB394UPvZGrqqy8MDxOMniLIw\">@MXFutbolTotal<\/a><\/b><\/p>\n","protected":false},"excerpt":{"rendered":"<p>El t\u00e9cnico galo asegura que el club blanco mantendr\u00e1 su misma l\u00ednea de juego.<\/p>\n","protected":false},"author":144,"featured_media":475730,"comment_status":"closed","ping_status":"closed","sticky":false,"template":"","format":"standard","meta":[],"categories":[3844,5951],"tags":[5984,5988,2215],"_links":{"self":[{"href":"http:\/\/desarrollo.grupomedios.com\/futbol\/wp-json\/wp\/v2\/posts\/475726"}],"collection":[{"href":"http:\/\/desarrollo.grupomedios.com\/futbol\/wp-json\/wp\/v2\/posts"}],"about":[{"href":"http:\/\/desarrollo.grupomedios.com\/futbol\/wp-json\/wp\/v2\/types\/post"}],"author":[{"embeddable":true,"href":"http:\/\/desarrollo.grupomedios.com\/futbol\/wp-json\/wp\/v2\/users\/144"}],"replies":[{"embeddable":true,"href":"http:\/\/desarrollo.grupomedios.com\/futbol\/wp-json\/wp\/v2\/comments?post=475726"}],"version-history":[{"count":2,"href":"http:\/\/desarrollo.grupomedios.com\/futbol\/wp-json\/wp\/v2\/posts\/475726\/revisions"}],"predecessor-version":[{"id":475734,"href":"http:\/\/desarrollo.grupomedios.com\/futbol\/wp-json\/wp\/v2\/posts\/475726\/revisions\/475734"}],"wp:featuredmedia":[{"embeddable":true,"href":"http:\/\/desarrollo.grupomedios.com\/futbol\/wp-json\/wp\/v2\/media\/475730"}],"wp:attachment":[{"href":"http:\/\/desarrollo.grupomedios.com\/futbol\/wp-json\/wp\/v2\/media?parent=475726"}],"wp:term":[{"taxonomy":"category","embeddable":true,"href":"http:\/\/desarrollo.grupomedios.com\/futbol\/wp-json\/wp\/v2\/categories?post=475726"},{"taxonomy":"post_tag","embeddable":true,"href":"http:\/\/desarrollo.grupomedios.com\/futbol\/wp-json\/wp\/v2\/tags?post=475726"}],"curies":[{"name":"wp","href":"https:\/\/api.w.org\/{rel}","templated":true}]}}