{"id":475773,"date":"2017-04-25T12:31:03","date_gmt":"2017-04-25T17:31:03","guid":{"rendered":"https:\/\/www.futboltotal.com.mx\/?p=475773"},"modified":"2017-04-25T12:31:03","modified_gmt":"2017-04-25T17:31:03","slug":"gareth-bale-se-perderia-la-semifinal-champions-real-madrid","status":"publish","type":"post","link":"http:\/\/desarrollo.grupomedios.com\/futbol\/futbol-internacional\/gareth-bale-se-perderia-la-semifinal-champions-real-madrid\/2017\/04","title":{"rendered":"Real Madrid perder\u00eda a una de sus figuras para la Champions"},"content":{"rendered":"<p>Durante la <a href=\"https:\/\/www.futboltotal.com.mx\/2017\/04\/resultado-clasico-real-madrid-2-3-barcelona-la-liga\/\" target=\"_blank\">derrota del Real Madrid ante el Barcelona<\/a>, el cuadro Merengue sufri\u00f3 la baja de Gareth Bale, quien ven\u00eda ya de una lesi\u00f3n.<\/p>\n<p>Parece que los blancos seguir\u00e1n sin contar con el gal\u00e9s, pues estar\u00eda por perderse las Semifinales de la Champions League contra el Atl\u00e9tico de Madrid luego de una lesi\u00f3n de pantorrilla sufrido en el Cl\u00e1sico.<\/p>\n<p style=\"text-align: center;\"><span style=\"color: #3366ff;\"><a style=\"color: #3366ff;\" href=\"https:\/\/www.futboltotal.com.mx\/2017\/04\/ricardo-pelaez-estaria-cerca-salir-del-america\/\">LEER M\u00c1S: Ricardo Pel\u00e1ez estar\u00eda cerca de salir del Am\u00e9rica<\/a><\/span><\/p>\n<blockquote class=\"twitter-tweet\" data-lang=\"es\">\n<p dir=\"ltr\" lang=\"es\">Parte m\u00e9dico de <a href=\"https:\/\/twitter.com\/GarethBale11\">@GarethBale11<\/a>:<a href=\"https:\/\/t.co\/XXuXwCnpyO\">https:\/\/t.co\/XXuXwCnpyO<\/a><a href=\"https:\/\/twitter.com\/hashtag\/RealMadrid?src=hash\">#RealMadrid<\/a><\/p>\n<p>\u2014 Real Madrid C. F. (@realmadrid) <a href=\"https:\/\/twitter.com\/realmadrid\/status\/856830995181563904\">25 de abril de 2017<\/a><\/p><\/blockquote>\n<p><script async src=\"\/\/platform.twitter.com\/widgets.js\" charset=\"utf-8\"><\/script><\/p>\n<p>La gente del Real Madrid anunci\u00f3 que los ex\u00e1menes m\u00e9dicos que se le realizaron al delantero confirmaron la magnitud de la lesi\u00f3n en la pantorrilla izquierda, la cual forz\u00f3 a Bale a salir del partido en el Santiago Berbab\u00e9u antes del descanso.<\/p>\n<p>Madrid no especific\u00f3 por cu\u00e1nto tiempo espera que el gal\u00e9s est\u00e9 fuera de acci\u00f3n, pero lesiones de ese tipo usualmente requieren de tres a cuatro semanas de recuperaci\u00f3n.<\/p>\n<p>El duelo de Ida contra Atl\u00e9tico de Madrid en las Semifinales de la Champions es el pr\u00f3ximo martes 2 de mayo. Mientras que el de Vuelta ser\u00e1 el mi\u00e9rcoles 10 de mayo.<\/p>\n","protected":false},"excerpt":{"rendered":"<p>El Real Madrid perder\u00eda a Gareth Bale para el duelo ante el Atleti.<\/p>\n","protected":false},"author":20,"featured_media":464819,"comment_status":"closed","ping_status":"closed","sticky":false,"template":"","format":"standard","meta":[],"categories":[3839],"tags":[6043,5988],"_links":{"self":[{"href":"http:\/\/desarrollo.grupomedios.com\/futbol\/wp-json\/wp\/v2\/posts\/475773"}],"collection":[{"href":"http:\/\/desarrollo.grupomedios.com\/futbol\/wp-json\/wp\/v2\/posts"}],"about":[{"href":"http:\/\/desarrollo.grupomedios.com\/futbol\/wp-json\/wp\/v2\/types\/post"}],"author":[{"embeddable":true,"href":"http:\/\/desarrollo.grupomedios.com\/futbol\/wp-json\/wp\/v2\/users\/20"}],"replies":[{"embeddable":true,"href":"http:\/\/desarrollo.grupomedios.com\/futbol\/wp-json\/wp\/v2\/comments?post=475773"}],"version-history":[{"count":1,"href":"http:\/\/desarrollo.grupomedios.com\/futbol\/wp-json\/wp\/v2\/posts\/475773\/revisions"}],"predecessor-version":[{"id":475780,"href":"http:\/\/desarrollo.grupomedios.com\/futbol\/wp-json\/wp\/v2\/posts\/475773\/revisions\/475780"}],"wp:featuredmedia":[{"embeddable":true,"href":"http:\/\/desarrollo.grupomedios.com\/futbol\/wp-json\/wp\/v2\/media\/464819"}],"wp:attachment":[{"href":"http:\/\/desarrollo.grupomedios.com\/futbol\/wp-json\/wp\/v2\/media?parent=475773"}],"wp:term":[{"taxonomy":"category","embeddable":true,"href":"http:\/\/desarrollo.grupomedios.com\/futbol\/wp-json\/wp\/v2\/categories?post=475773"},{"taxonomy":"post_tag","embeddable":true,"href":"http:\/\/desarrollo.grupomedios.com\/futbol\/wp-json\/wp\/v2\/tags?post=475773"}],"curies":[{"name":"wp","href":"https:\/\/api.w.org\/{rel}","templated":true}]}}