{"id":475774,"date":"2017-04-25T12:28:22","date_gmt":"2017-04-25T17:28:22","guid":{"rendered":"https:\/\/www.futboltotal.com.mx\/?p=475774"},"modified":"2017-04-25T12:28:58","modified_gmt":"2017-04-25T17:28:58","slug":"desmienten-una-salida-inminente-chicharito-del-leverkusen","status":"publish","type":"post","link":"http:\/\/desarrollo.grupomedios.com\/futbol\/futbol-internacional\/desmienten-una-salida-inminente-chicharito-del-leverkusen\/2017\/04","title":{"rendered":"Desmienten una salida inminente de Chicharito del Leverkusen"},"content":{"rendered":"<p>S\u00f3lo un d\u00eda despu\u00e9s de que surgiera el rumor de que las negociaciones para que <strong>Javier <em>Chicharito<\/em> Hern\u00e1ndez<\/strong>\u00a0deje al Bayer Leverkusen y\u00a0llegue\u00a0al club Los Angeles FC de la\u00a0<strong>MLS<\/strong> para convertirse con el futbolista con el mayor sueldo en la historia de la liga estadounidense, pero el representante del delantero ha salido a desmentir estas versiones.<\/p>\n<p>&#8220;Las cantidades son completamente falsas, ni cercanas siquiera.\u00a0Todav\u00eda no se ha tocado puerta con el <strong>Bayer Leverkusen <\/strong>para saber cu\u00e1les son sus intenciones, cu\u00e1les son los planes a futuro con Javier. No se puede mencionar ahorita algo en concreto o una posibilidad de oferta econ\u00f3mica&#8221;, dijo <strong>Eduardo Hern\u00e1ndez<\/strong> en Fox Sports.<\/p>\n<p style=\"text-align: center;\"><span style=\"color: #333399;\"><a style=\"color: #333399;\" href=\"https:\/\/www.futboltotal.com.mx\/2017\/04\/chicharito-dejaria-leverkusen-a-cambio-cifra-historica\/\">VER M\u00c1S: Chicharito dejar\u00eda el Leverkusen a cambio de cifra hist\u00f3rica<\/a><\/span><\/p>\n<p>Sin embargo, el representante del mexicano no neg\u00f3 que la <strong>MLS<\/strong> s\u00ed busca la llegada de Javier desde hace cerca de dos a\u00f1os, aunque eso no significa que el atacante desee dejar al <strong>Leverkusen<\/strong>.<\/p>\n<p>&#8220;S\u00ed hay inter\u00e9s de la <strong>MLS<\/strong> por <em>Chicharito<\/em>, pero es dif\u00edcil que haya un cambio antes de enero de 2018&#8243;, agreg\u00f3 el representante.<\/p>\n<p style=\"text-align: center;\"><span style=\"color: #333399;\"><a style=\"color: #333399;\" href=\"https:\/\/www.futboltotal.com.mx\/2017\/04\/ricardo-pelaez-estaria-cerca-salir-del-america\/\">VER M\u00c1S: Ricardo Pel\u00e1ez estar\u00eda cerca de salir del Am\u00e9rica<\/a><\/span><\/p>\n","protected":false},"excerpt":{"rendered":"<p>El representante de Chicharito desminti\u00f3 las versiones de que dejar\u00e1 al Leverkusen.<\/p>\n","protected":false},"author":20,"featured_media":453380,"comment_status":"closed","ping_status":"closed","sticky":false,"template":"","format":"standard","meta":[],"categories":[7740,3839,6822,6718],"tags":[4335,119,120,549,8503,195],"_links":{"self":[{"href":"http:\/\/desarrollo.grupomedios.com\/futbol\/wp-json\/wp\/v2\/posts\/475774"}],"collection":[{"href":"http:\/\/desarrollo.grupomedios.com\/futbol\/wp-json\/wp\/v2\/posts"}],"about":[{"href":"http:\/\/desarrollo.grupomedios.com\/futbol\/wp-json\/wp\/v2\/types\/post"}],"author":[{"embeddable":true,"href":"http:\/\/desarrollo.grupomedios.com\/futbol\/wp-json\/wp\/v2\/users\/20"}],"replies":[{"embeddable":true,"href":"http:\/\/desarrollo.grupomedios.com\/futbol\/wp-json\/wp\/v2\/comments?post=475774"}],"version-history":[{"count":2,"href":"http:\/\/desarrollo.grupomedios.com\/futbol\/wp-json\/wp\/v2\/posts\/475774\/revisions"}],"predecessor-version":[{"id":475779,"href":"http:\/\/desarrollo.grupomedios.com\/futbol\/wp-json\/wp\/v2\/posts\/475774\/revisions\/475779"}],"wp:featuredmedia":[{"embeddable":true,"href":"http:\/\/desarrollo.grupomedios.com\/futbol\/wp-json\/wp\/v2\/media\/453380"}],"wp:attachment":[{"href":"http:\/\/desarrollo.grupomedios.com\/futbol\/wp-json\/wp\/v2\/media?parent=475774"}],"wp:term":[{"taxonomy":"category","embeddable":true,"href":"http:\/\/desarrollo.grupomedios.com\/futbol\/wp-json\/wp\/v2\/categories?post=475774"},{"taxonomy":"post_tag","embeddable":true,"href":"http:\/\/desarrollo.grupomedios.com\/futbol\/wp-json\/wp\/v2\/tags?post=475774"}],"curies":[{"name":"wp","href":"https:\/\/api.w.org\/{rel}","templated":true}]}}