{"id":475792,"date":"2017-04-25T13:45:52","date_gmt":"2017-04-25T18:45:52","guid":{"rendered":"https:\/\/www.futboltotal.com.mx\/?p=475792"},"modified":"2017-04-25T13:45:52","modified_gmt":"2017-04-25T18:45:52","slug":"niko-kovac-impresionado-nivel-marco-fabian","status":"publish","type":"post","link":"http:\/\/desarrollo.grupomedios.com\/futbol\/futbol-internacional\/niko-kovac-impresionado-nivel-marco-fabian\/2017\/04","title":{"rendered":"Niko Kovac, impresionado con nivel de Marco Fabi\u00e1n"},"content":{"rendered":"<p>El director t\u00e9cnico del Eintracht Frankfurt, <strong>Niko Kovac<\/strong>, destac\u00f3 el nivel mostrado por <strong>Marco Fabi\u00e1n<\/strong>, en lo que va de la temporada de la Bundesliga, pues considera que el mexicano ha sido fundamental para la obtenci\u00f3n de puntos del equipo.<\/p>\n<p>\u201cMarco es muy importante para nosotros. Lucha siempre, nunca se rinde. Va a seguir con su camino dentro y fuera del terreno de juego. Se saca todo con los jugadores, los aficionados y el entrenador. Es por eso que es tan importante para nosotros\u201d, indic\u00f3 <strong>Niko Kovac<\/strong> a la prensa, luego de darse a conocer que <strong>Marco Fabi\u00e1n<\/strong> era el jugador m\u00e1s valioso de la \u00faltima jornada de la Bundesliga.<\/p>\n<p style=\"text-align: center;\"><span style=\"color: #3366ff;\"><a style=\"color: #3366ff;\" href=\"https:\/\/www.futboltotal.com.mx\/2017\/04\/cruz-azul-jugara-en-estadio-azteca-temporalmente\/\" target=\"_blank\"><strong>VER M\u00c1S: Cruz Azul jugar\u00e1 en el estadio Azteca, temporalmente<\/strong><\/a><\/span><\/p>\n<p>El entrenador de origen teut\u00f3n y naturalizado croata, destac\u00f3 no solo a <strong>Marco Fabi\u00e1n<\/strong> sino a los mexicanos, pues cree que todos tienen un gen que les ayuda a destacar en el balompi\u00e9. \u201cLos aztecas tienen algo especial en sus genes\u201d, explic\u00f3.<\/p>\n<p><strong>S\u00edguenos en Twitter:<\/strong> <a href=\"https:\/\/twitter.com\/MXFutbolTotal\" target=\"_blank\">@MXFutbolTotal<\/a><\/p>\n","protected":false},"excerpt":{"rendered":"<p>El director t\u00e9cnico croata elogia al mexicano por su desempe\u00f1o en Bundesliga.<\/p>\n","protected":false},"author":20,"featured_media":475794,"comment_status":"closed","ping_status":"closed","sticky":false,"template":"","format":"standard","meta":[],"categories":[3839,6822,6718],"tags":[119,3588,131],"_links":{"self":[{"href":"http:\/\/desarrollo.grupomedios.com\/futbol\/wp-json\/wp\/v2\/posts\/475792"}],"collection":[{"href":"http:\/\/desarrollo.grupomedios.com\/futbol\/wp-json\/wp\/v2\/posts"}],"about":[{"href":"http:\/\/desarrollo.grupomedios.com\/futbol\/wp-json\/wp\/v2\/types\/post"}],"author":[{"embeddable":true,"href":"http:\/\/desarrollo.grupomedios.com\/futbol\/wp-json\/wp\/v2\/users\/20"}],"replies":[{"embeddable":true,"href":"http:\/\/desarrollo.grupomedios.com\/futbol\/wp-json\/wp\/v2\/comments?post=475792"}],"version-history":[{"count":1,"href":"http:\/\/desarrollo.grupomedios.com\/futbol\/wp-json\/wp\/v2\/posts\/475792\/revisions"}],"predecessor-version":[{"id":475795,"href":"http:\/\/desarrollo.grupomedios.com\/futbol\/wp-json\/wp\/v2\/posts\/475792\/revisions\/475795"}],"wp:featuredmedia":[{"embeddable":true,"href":"http:\/\/desarrollo.grupomedios.com\/futbol\/wp-json\/wp\/v2\/media\/475794"}],"wp:attachment":[{"href":"http:\/\/desarrollo.grupomedios.com\/futbol\/wp-json\/wp\/v2\/media?parent=475792"}],"wp:term":[{"taxonomy":"category","embeddable":true,"href":"http:\/\/desarrollo.grupomedios.com\/futbol\/wp-json\/wp\/v2\/categories?post=475792"},{"taxonomy":"post_tag","embeddable":true,"href":"http:\/\/desarrollo.grupomedios.com\/futbol\/wp-json\/wp\/v2\/tags?post=475792"}],"curies":[{"name":"wp","href":"https:\/\/api.w.org\/{rel}","templated":true}]}}