{"id":475807,"date":"2017-04-25T15:05:31","date_gmt":"2017-04-25T20:05:31","guid":{"rendered":"https:\/\/www.futboltotal.com.mx\/?p=475807"},"modified":"2017-04-25T15:05:31","modified_gmt":"2017-04-25T20:05:31","slug":"psg-blinda-a-cavani-los-gigantes-europeos","status":"publish","type":"post","link":"http:\/\/desarrollo.grupomedios.com\/futbol\/futbol-internacional\/psg-blinda-a-cavani-los-gigantes-europeos\/2017\/04","title":{"rendered":"El PSG blinda a Cavani de los gigantes europeos"},"content":{"rendered":"<p>El delantero <strong>Edinson Cavani<\/strong>, internacional uruguayo del Par\u00eds Saint-Germain (PSG), renov\u00f3 hoy con su club dos temporadas, hasta 2020, y afirm\u00f3 que su &#8220;deseo absoluto&#8221; es continuar su &#8220;historia&#8221; con el PSG.<\/p>\n<p>En un comunicado, el PSG anunci\u00f3 que el delantero uruguayo, de 30 a\u00f1os, qued\u00f3 vinculado al club &#8220;hasta el 30 de Junio de 2020&#8221;.<\/p>\n<blockquote class=\"twitter-tweet\" data-lang=\"es\">\n<p dir=\"ltr\" lang=\"es\">Conoce todo lo referente a la ampliaci\u00f3n de contrato de <a href=\"https:\/\/twitter.com\/ECavaniOfficial\">@ECavaniOfficial<\/a> con el <a href=\"https:\/\/twitter.com\/PSG_espanol\">@PSG_espanol<\/a> <a href=\"https:\/\/t.co\/msHnt6LboB\">https:\/\/t.co\/msHnt6LboB<\/a> <a href=\"https:\/\/t.co\/wVdQq2XuYY\">pic.twitter.com\/wVdQq2XuYY<\/a><\/p>\n<p>\u2014 PSG Espa\u00f1ol (@PSG_espanol) <a href=\"https:\/\/twitter.com\/PSG_espanol\/status\/856958755711463426\">25 de abril de 2017<\/a><\/p><\/blockquote>\n<p><script async src=\"\/\/platform.twitter.com\/widgets.js\" charset=\"utf-8\"><\/script><\/p>\n<p>El Matador, por el que el club parisino pag\u00f3 al N\u00e1poles en 2013 e 64,5 millones de euros, es uno de los mejores delanteros de la historia del PSG con sus 125 goles en 192 partidos oficiales, frente al registro de Zlatan Ibrahimovic (156 goles en 180 partidos).<\/p>\n<p>Actualmente es uno de los mejores anotadores de las ligas europeas con 44 tantos en otros tantos partidos oficiales.<\/p>\n<p>El internacional uruguayo (91 convocatorias, 38 goles) ha ganado once t\u00edtulos con el Paris Saint-Germain, entre ellos tres de campe\u00f3n de Francia, dos Copas de Francia y cuatro Copas de la Liga. EFE<\/p>\n","protected":false},"excerpt":{"rendered":"<p>El uruguayo estar\u00e1 con los parisinos hasta 2020.<\/p>\n","protected":false},"author":144,"featured_media":455411,"comment_status":"closed","ping_status":"closed","sticky":false,"template":"","format":"standard","meta":[],"categories":[3839],"tags":[2449,114],"_links":{"self":[{"href":"http:\/\/desarrollo.grupomedios.com\/futbol\/wp-json\/wp\/v2\/posts\/475807"}],"collection":[{"href":"http:\/\/desarrollo.grupomedios.com\/futbol\/wp-json\/wp\/v2\/posts"}],"about":[{"href":"http:\/\/desarrollo.grupomedios.com\/futbol\/wp-json\/wp\/v2\/types\/post"}],"author":[{"embeddable":true,"href":"http:\/\/desarrollo.grupomedios.com\/futbol\/wp-json\/wp\/v2\/users\/144"}],"replies":[{"embeddable":true,"href":"http:\/\/desarrollo.grupomedios.com\/futbol\/wp-json\/wp\/v2\/comments?post=475807"}],"version-history":[{"count":1,"href":"http:\/\/desarrollo.grupomedios.com\/futbol\/wp-json\/wp\/v2\/posts\/475807\/revisions"}],"predecessor-version":[{"id":475808,"href":"http:\/\/desarrollo.grupomedios.com\/futbol\/wp-json\/wp\/v2\/posts\/475807\/revisions\/475808"}],"wp:featuredmedia":[{"embeddable":true,"href":"http:\/\/desarrollo.grupomedios.com\/futbol\/wp-json\/wp\/v2\/media\/455411"}],"wp:attachment":[{"href":"http:\/\/desarrollo.grupomedios.com\/futbol\/wp-json\/wp\/v2\/media?parent=475807"}],"wp:term":[{"taxonomy":"category","embeddable":true,"href":"http:\/\/desarrollo.grupomedios.com\/futbol\/wp-json\/wp\/v2\/categories?post=475807"},{"taxonomy":"post_tag","embeddable":true,"href":"http:\/\/desarrollo.grupomedios.com\/futbol\/wp-json\/wp\/v2\/tags?post=475807"}],"curies":[{"name":"wp","href":"https:\/\/api.w.org\/{rel}","templated":true}]}}