{"id":475819,"date":"2017-04-25T16:02:46","date_gmt":"2017-04-25T21:02:46","guid":{"rendered":"https:\/\/www.futboltotal.com.mx\/?p=475819"},"modified":"2017-04-25T16:02:46","modified_gmt":"2017-04-25T21:02:46","slug":"guillermo-ochoa-hundido-ex-equipo-en-espana","status":"publish","type":"post","link":"http:\/\/desarrollo.grupomedios.com\/futbol\/destacado-home\/guillermo-ochoa-hundido-ex-equipo-en-espana\/2017\/04","title":{"rendered":"M\u00e1laga pone a Ochoa y al Granada con un pie en Segunda"},"content":{"rendered":"<p>El Granada de <strong>Guillermo Ochoa<\/strong> firm\u00f3 su descenso virtual a Segunda Divisi\u00f3n al perder 0-2 ante el M\u00e1laga, que ha ganado cuatro partidos en las cinco \u00faltimas jornadas, con dos tantos de Sandro Ram\u00edrez en el segundo tiempo.<\/p>\n<blockquote class=\"twitter-tweet\" data-lang=\"es\">\n<p dir=\"ltr\" lang=\"en\">\u23f1\ufe0f FINAL | <a href=\"https:\/\/twitter.com\/hashtag\/GranadaMalaga?src=hash\">#GranadaMalaga<\/a> <a href=\"https:\/\/t.co\/Sw5NM3BKsE\">pic.twitter.com\/Sw5NM3BKsE<\/a><\/p>\n<p>\u2014 Granada C.F. (@GranadaCdeF) <a href=\"https:\/\/twitter.com\/GranadaCdeF\/status\/856967151604944898\">25 de abril de 2017<\/a><\/p><\/blockquote>\n<p><script async src=\"\/\/platform.twitter.com\/widgets.js\" charset=\"utf-8\"><\/script><\/p>\n<p>El Granada, que no ha marcado ning\u00fan gol en los tres partidos que le ha dirigido el ingl\u00e9s Tony Adams, s\u00f3lo ha sumado un punto en las \u00faltimas nueve jornadas y puede bajar de forma matem\u00e1tica el pr\u00f3ximo s\u00e1bado en el campo de la Real Sociedad, aunque las sensaciones dicen que lleva bastante tiempo en Segunda.<\/p>\n<p>Sergio Gont\u00e1n &#8216;Keko&#8217; ya estuvo cerca del gol en los primeros minutos con un remate en el \u00e1rea peque\u00f1a al que lleg\u00f3 muy forzado, mientras que la primera parada del mexicano <strong>Guillermo Ochoa<\/strong> fue ante un tiro desde la frontal del \u00e1rea de Ignacio Camacho.<\/p>\n<p style=\"text-align: center;\"><span style=\"color: #3366ff;\"><a style=\"color: #3366ff;\" href=\"https:\/\/www.futboltotal.com.mx\/2017\/04\/america-tijuana-cocinan-intercambio-figuras\/\">LEER M\u00c1S: Am\u00e9rica y Tijuana cocinan intercambio de figuras<\/a><\/span><\/p>\n<p style=\"text-align: center;\"><a href=\"https:\/\/www.futboltotal.com.mx\/wp-content\/uploads\/2017\/04\/granada-ochoa-vs-malaga.jpg\"><img decoding=\"async\" loading=\"lazy\" class=\"alignnone size-full wp-image-475825\" src=\"https:\/\/www.futboltotal.com.mx\/wp-content\/uploads\/2017\/04\/granada-ochoa-vs-malaga.jpg\" alt=\"M\u00e1laga pone a Ochoa y al Granada con un pie en Segunda 0\" srcset=\"http:\/\/desarrollo.grupomedios.com\/futbol\/wp-content\/uploads\/2017\/04\/granada-ochoa-vs-malaga.jpg 1136w, http:\/\/desarrollo.grupomedios.com\/futbol\/wp-content\/uploads\/2017\/04\/granada-ochoa-vs-malaga-300x169.jpg 300w, http:\/\/desarrollo.grupomedios.com\/futbol\/wp-content\/uploads\/2017\/04\/granada-ochoa-vs-malaga-768x432.jpg 768w, http:\/\/desarrollo.grupomedios.com\/futbol\/wp-content\/uploads\/2017\/04\/granada-ochoa-vs-malaga-1024x576.jpg 1024w, http:\/\/desarrollo.grupomedios.com\/futbol\/wp-content\/uploads\/2017\/04\/granada-ochoa-vs-malaga-317x178.jpg 317w, http:\/\/desarrollo.grupomedios.com\/futbol\/wp-content\/uploads\/2017\/04\/granada-ochoa-vs-malaga-535x301.jpg 535w, http:\/\/desarrollo.grupomedios.com\/futbol\/wp-content\/uploads\/2017\/04\/granada-ochoa-vs-malaga-374x210.jpg 374w\" sizes=\"(max-width: 1136px) 100vw, 1136px\" \/><\/a><\/p>\n<p>Antes de la media hora tuvo que intervenir tres veces m\u00e1s <strong>Ochoa<\/strong>, dos ante colocados disparos de Jos\u00e9 Luis Garc\u00eda &#8216;Recio&#8217;, y la otra frente a un activo Keko, el mejor visitante del primer tiempo.<\/p>\n<p>La segunda mitad comenz\u00f3 de id\u00e9ntica manera, aunque en la primera ocasi\u00f3n que tuvo el M\u00e1laga, a los dos minutos, s\u00ed marc\u00f3 con un potente y ajustado derechazo de Sandro desde fuera del \u00e1rea.<\/p>\n<p>La capacidad de reacci\u00f3n del Granada fue nula, ya que sigui\u00f3 mostrando un juego muy plano y sin ideas frente a un oponente que no tuvo problemas para defenderse, y que lo hizo durante mucho tiempo teniendo el bal\u00f3n.<\/p>\n<p>Lo intentaron los locales en los minutos finales, pese a que desde el despido de Lucas Alcaraz el equipo es un desprop\u00f3sito total, y Kameni tuvo que trabajar de nuevo ante el joven maliense Aly Malle, aunque la opci\u00f3n m\u00e1s clara fue visitante, de Sandro, que envi\u00f3 un tiro a un poste.<\/p>\n<p><iframe loading=\"lazy\" src=\"https:\/\/www.youtube.com\/embed\/VjrpYuJPujU?feature=oembed\" frameborder=\"0\" allowfullscreen><\/iframe><\/p>\n<p>Sandro evit\u00f3 a su equipo cualquier susto postrero y ya en el tiempo a\u00f1adido marc\u00f3 el 0-2 al culminar a la perfecci\u00f3n un contragolpe de los suyos.<\/p>\n","protected":false},"excerpt":{"rendered":"<p>Granada podr\u00eda descender el pr\u00f3ximo s\u00e1bado cuando enfrenten a la Real Sociedad de Carlos Vela.<\/p>\n","protected":false},"author":144,"featured_media":471658,"comment_status":"closed","ping_status":"closed","sticky":false,"template":"","format":"standard","meta":[],"categories":[5,3839,3844],"tags":[8520,700],"_links":{"self":[{"href":"http:\/\/desarrollo.grupomedios.com\/futbol\/wp-json\/wp\/v2\/posts\/475819"}],"collection":[{"href":"http:\/\/desarrollo.grupomedios.com\/futbol\/wp-json\/wp\/v2\/posts"}],"about":[{"href":"http:\/\/desarrollo.grupomedios.com\/futbol\/wp-json\/wp\/v2\/types\/post"}],"author":[{"embeddable":true,"href":"http:\/\/desarrollo.grupomedios.com\/futbol\/wp-json\/wp\/v2\/users\/144"}],"replies":[{"embeddable":true,"href":"http:\/\/desarrollo.grupomedios.com\/futbol\/wp-json\/wp\/v2\/comments?post=475819"}],"version-history":[{"count":1,"href":"http:\/\/desarrollo.grupomedios.com\/futbol\/wp-json\/wp\/v2\/posts\/475819\/revisions"}],"predecessor-version":[{"id":475826,"href":"http:\/\/desarrollo.grupomedios.com\/futbol\/wp-json\/wp\/v2\/posts\/475819\/revisions\/475826"}],"wp:featuredmedia":[{"embeddable":true,"href":"http:\/\/desarrollo.grupomedios.com\/futbol\/wp-json\/wp\/v2\/media\/471658"}],"wp:attachment":[{"href":"http:\/\/desarrollo.grupomedios.com\/futbol\/wp-json\/wp\/v2\/media?parent=475819"}],"wp:term":[{"taxonomy":"category","embeddable":true,"href":"http:\/\/desarrollo.grupomedios.com\/futbol\/wp-json\/wp\/v2\/categories?post=475819"},{"taxonomy":"post_tag","embeddable":true,"href":"http:\/\/desarrollo.grupomedios.com\/futbol\/wp-json\/wp\/v2\/tags?post=475819"}],"curies":[{"name":"wp","href":"https:\/\/api.w.org\/{rel}","templated":true}]}}