{"id":475830,"date":"2017-04-25T16:45:06","date_gmt":"2017-04-25T21:45:06","guid":{"rendered":"https:\/\/www.futboltotal.com.mx\/?p=475830"},"modified":"2017-04-25T16:45:06","modified_gmt":"2017-04-25T21:45:06","slug":"jona-dos-santos-villarreal-sorprenden-al-atletico","status":"publish","type":"post","link":"http:\/\/desarrollo.grupomedios.com\/futbol\/futbol-internacional\/jona-dos-santos-villarreal-sorprenden-al-atletico\/2017\/04","title":{"rendered":"Jona Dos Santos y Villarreal sorprenden al Atl\u00e9tico"},"content":{"rendered":"<p>Tres paradas fundamentales de Andr\u00e9s Fern\u00e1ndez, un gol de Roberto Soriano en el minuto 81 y la eficacia del Villarreal de Jonathan Dos Santos, superviviente casi todo el duelo y ganador al final, provocaron un frenazo inesperado del Atl\u00e9tico de Madrid, mejor todo el duelo, ambicioso, insistente, sin gol y sin puntos este martes.<\/p>\n<p>Una derrota imprevisible. El Atl\u00e9tico propuso y atac\u00f3, el Villarreal defendi\u00f3. Todo dentro de las previsiones, muy similares al partido de hace una temporada en el mismo escenario, con 0-0 entonces, con 0-1 este martes, pero con diferencias sustanciales: el equipo rojiblanco hoy cre\u00f3 ocasiones de sobra para haber ganado.<\/p>\n<p style=\"text-align: center;\"><span style=\"color: #3366ff;\"><a style=\"color: #3366ff;\" href=\"https:\/\/www.futboltotal.com.mx\/2017\/04\/guillermo-ochoa-hundido-ex-equipo-en-espana\/\">LEER M\u00c1S: M\u00e1laga pone a Ochoa y al Granada con un pie en Segunda<\/a><\/span><\/p>\n<p>A Jan Oblak se le vio poco en la primera parte, apenas para despejar de pu\u00f1os un c\u00f3rner en 45 minutos. Pero el resultado, el 0-0 al descanso, era m\u00e1s lo que busc\u00f3 el club visitante que lo que propuso y mereci\u00f3 el Atl\u00e9tico, de vuelta a la tarea, ambicioso, potente, pero sin gol, sin puntos.<\/p>\n<p>Una vez m\u00e1s por Andr\u00e9s Fern\u00e1ndez, cuyos reflejos dejaron en ocasi\u00f3n fallida la oportunidad con pinta de gol que tuvo ante \u00e9l Gait\u00e1n, reemplazado despu\u00e9s por Yannick Carrasco, como tambi\u00e9n lo fue \u00c1ngel Correa por Kevin Gameiro. Era el minuto 55. Un plus m\u00e1s para la ofensiva del Atl\u00e9tico contra la resistencia del Villarreal.<\/p>\n<p><iframe loading=\"lazy\" src=\"https:\/\/www.youtube.com\/embed\/PM0i41kUWoI?feature=oembed\" frameborder=\"0\" allowfullscreen><\/iframe><\/p>\n<p>Despu\u00e9s perdi\u00f3 a Carrasco, lesionado en un hombro en el minuto 71 y sustituido por Fernando Torres; decayeron un rato sus ocasiones y crecieron los riesgos, primero con un susto en su \u00e1rea y despu\u00e9s con una derrota inesperada, ejecutada por Soriano en el minuto 81 a pase de Bakamb\u00fa ante la incredulidad del equipo y la afici\u00f3n local (0-1).<\/p>\n","protected":false},"excerpt":{"rendered":"<p>El Villarreal fue una muralla ante el Atl\u00e9tico.<\/p>\n","protected":false},"author":144,"featured_media":475835,"comment_status":"closed","ping_status":"closed","sticky":false,"template":"","format":"standard","meta":[],"categories":[3839],"tags":[6007,48,2607],"_links":{"self":[{"href":"http:\/\/desarrollo.grupomedios.com\/futbol\/wp-json\/wp\/v2\/posts\/475830"}],"collection":[{"href":"http:\/\/desarrollo.grupomedios.com\/futbol\/wp-json\/wp\/v2\/posts"}],"about":[{"href":"http:\/\/desarrollo.grupomedios.com\/futbol\/wp-json\/wp\/v2\/types\/post"}],"author":[{"embeddable":true,"href":"http:\/\/desarrollo.grupomedios.com\/futbol\/wp-json\/wp\/v2\/users\/144"}],"replies":[{"embeddable":true,"href":"http:\/\/desarrollo.grupomedios.com\/futbol\/wp-json\/wp\/v2\/comments?post=475830"}],"version-history":[{"count":1,"href":"http:\/\/desarrollo.grupomedios.com\/futbol\/wp-json\/wp\/v2\/posts\/475830\/revisions"}],"predecessor-version":[{"id":475836,"href":"http:\/\/desarrollo.grupomedios.com\/futbol\/wp-json\/wp\/v2\/posts\/475830\/revisions\/475836"}],"wp:featuredmedia":[{"embeddable":true,"href":"http:\/\/desarrollo.grupomedios.com\/futbol\/wp-json\/wp\/v2\/media\/475835"}],"wp:attachment":[{"href":"http:\/\/desarrollo.grupomedios.com\/futbol\/wp-json\/wp\/v2\/media?parent=475830"}],"wp:term":[{"taxonomy":"category","embeddable":true,"href":"http:\/\/desarrollo.grupomedios.com\/futbol\/wp-json\/wp\/v2\/categories?post=475830"},{"taxonomy":"post_tag","embeddable":true,"href":"http:\/\/desarrollo.grupomedios.com\/futbol\/wp-json\/wp\/v2\/tags?post=475830"}],"curies":[{"name":"wp","href":"https:\/\/api.w.org\/{rel}","templated":true}]}}