{"id":475855,"date":"2017-04-25T18:02:55","date_gmt":"2017-04-25T23:02:55","guid":{"rendered":"https:\/\/www.futboltotal.com.mx\/?p=475855"},"modified":"2017-04-25T18:02:55","modified_gmt":"2017-04-25T23:02:55","slug":"ricardo-ferretti-marcelo-bielsa-gignac","status":"publish","type":"post","link":"http:\/\/desarrollo.grupomedios.com\/futbol\/futbol-mexicano\/ricardo-ferretti-marcelo-bielsa-gignac\/2017\/04","title":{"rendered":"Ricardo Ferretti es como Marcelo Bielsa: Gignac"},"content":{"rendered":"<p>En la primera entrevista exclusiva que <strong>Andr\u00e9-Pierre Gignac<\/strong> da en M\u00e9xico, el franc\u00e9s decidi\u00f3 compartir bastante informaci\u00f3n sobre su paso por la Liga MX, pero destaca la relaci\u00f3n entre \u00e9l y el entrenador <strong>Ricardo Ferretti<\/strong>, de quien ha podido obtener conocimientos.<\/p>\n<p>\u201c<strong>Ricardo Ferretti<\/strong> es igual de enoj\u00f3n que <strong>Marcelo Bielsa<\/strong>, pero <em>Tuca<\/em> es m\u00e1s familiar. Siempre est\u00e1 en contacto con los jugadores, bromea. Marcelo no, para \u00e9l s\u00f3lo es futbol.&#8221;, indic\u00f3 <strong>Andr\u00e9-Pierre Gignac<\/strong> en entrevista con la revista Life and Style.<\/p>\n<blockquote class=\"twitter-tweet\" data-lang=\"es\">\n<p dir=\"ltr\" lang=\"es\">\u26a0\ufe0f \u00a1Adelantamos la portada! En nuestra revista de mayo podr\u00e1s disfrutar la primera entrevista en M\u00e9xico de <a href=\"https:\/\/twitter.com\/10APG\">@10APG<\/a> 10 de <a href=\"https:\/\/twitter.com\/TigresOficial\">@TigresOficial<\/a>. <a href=\"https:\/\/t.co\/vJ4CVE6SRb\">pic.twitter.com\/vJ4CVE6SRb<\/a><\/p>\n<p>\u2014 Life and Style (@LifeandStyleMex) <a href=\"https:\/\/twitter.com\/LifeandStyleMex\/status\/855091099941175296\">20 de abril de 2017<\/a><\/p><\/blockquote>\n<p><script async src=\"\/\/platform.twitter.com\/widgets.js\" charset=\"utf-8\"><\/script><\/p>\n<p>\u201cDeschamps me ense\u00f1\u00f3 la mentalidad ganadora, Bielsa, lo t\u00e1ctico, <em>Tuca<\/em> afin\u00f3 todo y me dio disciplina\u201d, agreg\u00f3 <strong>Gignac<\/strong>, sobre el aprendizaje que le han dejado sus entrenadores; pero enfatiza en la dificultad del sistema del argentino.<\/p>\n<p style=\"text-align: center;\"><span style=\"color: #3366ff;\"><a style=\"color: #3366ff;\" href=\"https:\/\/www.futboltotal.com.mx\/2017\/04\/gignac-se-descarta-del-mundial-rusia-2018\/\" target=\"_blank\"><strong>VER M\u00c1S: Gignac se descarta para el Mundial de Rusia<\/strong><\/a><\/span><\/p>\n<p>&#8220;Bielsa no tiene mucho contacto con los jugadores y se dirig\u00eda a nosotros con un intermediario. Es un desgaste incre\u00edble porque su juego es a base de presi\u00f3n y es un mano a mano en toda la cancha. Es un genio, pero es muy dif\u00edcil\u201d, concluy\u00f3.<\/p>\n<p><strong>S\u00edguenos en Twitter:<\/strong> <a href=\"https:\/\/twitter.com\/MXFutbolTotal\" target=\"_blank\">@MXFutbolTotal<\/a><\/p>\n","protected":false},"excerpt":{"rendered":"<p>El delantero franc\u00e9s compara el car\u00e1cter de dos entrenadores que lo han dirigido.<\/p>\n","protected":false},"author":20,"featured_media":475857,"comment_status":"closed","ping_status":"closed","sticky":false,"template":"","format":"standard","meta":[],"categories":[5419,2198,3845],"tags":[5430,1173,104,5973],"_links":{"self":[{"href":"http:\/\/desarrollo.grupomedios.com\/futbol\/wp-json\/wp\/v2\/posts\/475855"}],"collection":[{"href":"http:\/\/desarrollo.grupomedios.com\/futbol\/wp-json\/wp\/v2\/posts"}],"about":[{"href":"http:\/\/desarrollo.grupomedios.com\/futbol\/wp-json\/wp\/v2\/types\/post"}],"author":[{"embeddable":true,"href":"http:\/\/desarrollo.grupomedios.com\/futbol\/wp-json\/wp\/v2\/users\/20"}],"replies":[{"embeddable":true,"href":"http:\/\/desarrollo.grupomedios.com\/futbol\/wp-json\/wp\/v2\/comments?post=475855"}],"version-history":[{"count":1,"href":"http:\/\/desarrollo.grupomedios.com\/futbol\/wp-json\/wp\/v2\/posts\/475855\/revisions"}],"predecessor-version":[{"id":475858,"href":"http:\/\/desarrollo.grupomedios.com\/futbol\/wp-json\/wp\/v2\/posts\/475855\/revisions\/475858"}],"wp:featuredmedia":[{"embeddable":true,"href":"http:\/\/desarrollo.grupomedios.com\/futbol\/wp-json\/wp\/v2\/media\/475857"}],"wp:attachment":[{"href":"http:\/\/desarrollo.grupomedios.com\/futbol\/wp-json\/wp\/v2\/media?parent=475855"}],"wp:term":[{"taxonomy":"category","embeddable":true,"href":"http:\/\/desarrollo.grupomedios.com\/futbol\/wp-json\/wp\/v2\/categories?post=475855"},{"taxonomy":"post_tag","embeddable":true,"href":"http:\/\/desarrollo.grupomedios.com\/futbol\/wp-json\/wp\/v2\/tags?post=475855"}],"curies":[{"name":"wp","href":"https:\/\/api.w.org\/{rel}","templated":true}]}}