{"id":475866,"date":"2017-04-25T19:12:49","date_gmt":"2017-04-26T00:12:49","guid":{"rendered":"https:\/\/www.futboltotal.com.mx\/?p=475866"},"modified":"2017-04-25T19:21:17","modified_gmt":"2017-04-26T00:21:17","slug":"nunca-habia-visto-al-chepo-festejar-asi-la-volpe","status":"publish","type":"post","link":"http:\/\/desarrollo.grupomedios.com\/futbol\/destacado-home\/nunca-habia-visto-al-chepo-festejar-asi-la-volpe\/2017\/04","title":{"rendered":"Nunca hab\u00eda visto al Chepo festejar as\u00ed: La Volpe"},"content":{"rendered":"<p>El director t\u00e9cnico de Am\u00e9rica, <strong>Ricardo La Volpe<\/strong>, declar\u00f3 por primera vez en redes sociales, sobre los festejos de <strong>Jos\u00e9 Manuel de la Torre<\/strong> tras la victoria ag\u00f3nica de Santos sobre las <em>\u00c1guilas<\/em> en el cierre de la jornada 15.<\/p>\n<p><strong>Ricardo La Volpe<\/strong> se dijo sorprendido por la celebraci\u00f3n de <strong>Jos\u00e9 Manuel de la Torre<\/strong>, pero justifica la reacci\u00f3n del <em>Chepo, <\/em>independientemente de si fue dirigido a \u00e9l o no<em>,<\/em> ya que cree que no hab\u00eda otra forma de expresar un resultado as\u00ed.<\/p>\n<p style=\"text-align: center;\"><span style=\"color: #3366ff;\"><a style=\"color: #3366ff;\" href=\"https:\/\/www.futboltotal.com.mx\/2017\/04\/chepo-la-torre-le-festejo-en-la-cara-gol-a-la-volpe\/\" target=\"_blank\"><strong>VER M\u00c1S: La celebraci\u00f3n del Chepo de la Torre<\/strong><\/a><\/span><\/p>\n<blockquote class=\"twitter-tweet\" data-lang=\"es\">\n<p dir=\"ltr\" lang=\"es\">Sobre si el Chepo me celebr\u00f3 el gol no lo s\u00e9, nunca lo hab\u00eda visto celebrar as\u00ed, ni con la selecci\u00f3n.<\/p>\n<p>\u2014 Ricardo A La Volpe (@RicardoLaVolpeG) <a href=\"https:\/\/twitter.com\/RicardoLaVolpeG\/status\/857019892431634433\">25 de abril de 2017<\/a><\/p><\/blockquote>\n<p><script async src=\"\/\/platform.twitter.com\/widgets.js\" charset=\"utf-8\"><\/script><\/p>\n<blockquote class=\"twitter-tweet\" data-lang=\"es\">\n<p dir=\"ltr\" lang=\"es\">Pero es normal, cuando le metes un gol a un equipo importante hay que celebrarlo de esa manera.<\/p>\n<p>\u2014 Ricardo A La Volpe (@RicardoLaVolpeG) <a href=\"https:\/\/twitter.com\/RicardoLaVolpeG\/status\/857020208124370944\">25 de abril de 2017<\/a><\/p><\/blockquote>\n<p><script async src=\"\/\/platform.twitter.com\/widgets.js\" charset=\"utf-8\"><\/script><\/p>\n<p><strong>Jos\u00e9 Manuel de la Torre<\/strong> celebr\u00f3 el gol de Diego de Buen de forma euf\u00f3rica, durante el encuentro entre Santos y Am\u00e9rica, que termin\u00f3 con el triunfo de los <em>Guerreros<\/em> con dicha anotaci\u00f3n; el festejo se interpret\u00f3 como un mensaje directo hacia <strong>Ricardo La Volpe<\/strong>, pues su mirada se dirigi\u00f3 a la direcci\u00f3n de su hom\u00f3logo, aunque la c\u00e1mara de video de la transmisi\u00f3n del partido, se encontraba en ese mismo vector.<\/p>\n<p>S\u00edguenos en Twitter: <a href=\"https:\/\/twitter.com\/MXFutbolTotal\" target=\"_blank\">@MXFutbolTotal<\/a><\/p>\n","protected":false},"excerpt":{"rendered":"<p>El director t\u00e9cnico de Am\u00e9rica responde tras la celebraci\u00f3n de Jos\u00e9 Manuel de la Torre.<\/p>\n","protected":false},"author":20,"featured_media":475867,"comment_status":"closed","ping_status":"closed","sticky":false,"template":"","format":"standard","meta":[],"categories":[5,2198,3845],"tags":[5959,741,767,5972],"_links":{"self":[{"href":"http:\/\/desarrollo.grupomedios.com\/futbol\/wp-json\/wp\/v2\/posts\/475866"}],"collection":[{"href":"http:\/\/desarrollo.grupomedios.com\/futbol\/wp-json\/wp\/v2\/posts"}],"about":[{"href":"http:\/\/desarrollo.grupomedios.com\/futbol\/wp-json\/wp\/v2\/types\/post"}],"author":[{"embeddable":true,"href":"http:\/\/desarrollo.grupomedios.com\/futbol\/wp-json\/wp\/v2\/users\/20"}],"replies":[{"embeddable":true,"href":"http:\/\/desarrollo.grupomedios.com\/futbol\/wp-json\/wp\/v2\/comments?post=475866"}],"version-history":[{"count":3,"href":"http:\/\/desarrollo.grupomedios.com\/futbol\/wp-json\/wp\/v2\/posts\/475866\/revisions"}],"predecessor-version":[{"id":475870,"href":"http:\/\/desarrollo.grupomedios.com\/futbol\/wp-json\/wp\/v2\/posts\/475866\/revisions\/475870"}],"wp:featuredmedia":[{"embeddable":true,"href":"http:\/\/desarrollo.grupomedios.com\/futbol\/wp-json\/wp\/v2\/media\/475867"}],"wp:attachment":[{"href":"http:\/\/desarrollo.grupomedios.com\/futbol\/wp-json\/wp\/v2\/media?parent=475866"}],"wp:term":[{"taxonomy":"category","embeddable":true,"href":"http:\/\/desarrollo.grupomedios.com\/futbol\/wp-json\/wp\/v2\/categories?post=475866"},{"taxonomy":"post_tag","embeddable":true,"href":"http:\/\/desarrollo.grupomedios.com\/futbol\/wp-json\/wp\/v2\/tags?post=475866"}],"curies":[{"name":"wp","href":"https:\/\/api.w.org\/{rel}","templated":true}]}}