{"id":475903,"date":"2017-04-26T14:52:33","date_gmt":"2017-04-26T19:52:33","guid":{"rendered":"https:\/\/www.futboltotal.com.mx\/?p=475903"},"modified":"2017-04-26T16:40:37","modified_gmt":"2017-04-26T21:40:37","slug":"en-vivo-deportivo-la-coruna-vs-real-madrid-liga-espana","status":"publish","type":"post","link":"http:\/\/desarrollo.grupomedios.com\/futbol\/futbol-internacional\/en-vivo-deportivo-la-coruna-vs-real-madrid-liga-espana\/2017\/04","title":{"rendered":"AS\u00cd SE VIVI\u00d3 |\u00a0Deportivo La Coru\u00f1a 2-6 Real Madrid |\u00a0Liga de Espa\u00f1a"},"content":{"rendered":"<p style=\"text-align: center;\"><a href=\"https:\/\/en-vivo.futboltotal.com.mx\/partido\/deportivo-coruna-vs-real-madrid-liga-de-espana-jornada-34\/41\/\" target=\"_blank\"><span style=\"color: #0000ff;\">DA CLICK AQU\u00cd Y SIGUE EN VIVO EL JUEGO DEPORTIVO LA CORU\u00d1A VS. REAL MADRID\u00a0ESTE MI\u00c9RCOLES\u00a0A LAS 14:30 HRS.<\/span><\/a><\/p>\n<p>El <strong><span class=\"classCadenaBusqueda\">Real<\/span> <span class=\"classCadenaBusqueda\">Madrid<\/span><\/strong> pretende contrarrestar en <strong>Riazor<\/strong>, en punto de las <strong>14:30 hrs.,<\/strong> la derrota en el Cl\u00e1sico, a costa de un <strong>Deportivo<\/strong> que quiere la revancha de lo que ocurri\u00f3 en la primera vuelta en el <strong>Santiago Bernab\u00e9u<\/strong>, al caer en el tiempo de descuento (3-2), y que de consumarla, sellar\u00eda pr\u00e1cticamente la permanencia.<\/p>\n<p>Despu\u00e9s de dejar escapar la oportunidad \u00fanica de sentenciar la lucha por La Liga Espa\u00f1ola ante el gran rival y delante de su afici\u00f3n en el Santiago Bernab\u00e9u, el <span class=\"classCadenaBusqueda\">Real<\/span> <span class=\"classCadenaBusqueda\">Madrid<\/span> no tiene tiempo para las lamentaciones. Est\u00e1 obligado a levantarse con rapidez en Coru\u00f1a si no quiere intercambiar los papeles con el Barcelona y dejar de depender de s\u00ed mismo.<\/p>\n<p>Pese a la derrota en el cl\u00e1sico todo sigue en manos de un <span class=\"classCadenaBusqueda\">Real<\/span> <span class=\"classCadenaBusqueda\">Madrid<\/span> que perdi\u00f3 el liderato, pero que a\u00fan tiene una jornada por recuperar con el partido aplazado en Vigo ante el Celta. Sin embargo encara los seis encuentros restantes como finales y la primera es ante un D\u00e9por que ya avis\u00f3 de su peligro ante los grandes con su gran partido en el Bernab\u00e9u y tumbando al Bar\u00e7a en Riazor.<\/p>\n<p style=\"text-align: center;\"><a href=\"https:\/\/en-vivo.futboltotal.com.mx\/partido\/deportivo-coruna-vs-real-madrid-liga-de-espana-jornada-34\/41\/\" target=\"_blank\"><span style=\"color: #0000ff;\">DA CLICK AQU\u00cd Y SIGUE EN VIVO EL JUEGO DEPORTIVO LA CORU\u00d1A VS. REAL MADRID\u00a0ESTE MI\u00c9RCOLES\u00a0A LAS 14:30 HRS.<\/span><\/a><\/p>\n<p style=\"text-align: left;\">La primera final que marca Zinedine Zidane la encara con rotaciones y sin alg\u00fan jugador de la importancia de Sergio Ramos y Gareth Bale. El capit\u00e1n fue expulsado en el cl\u00e1sico y cumplir\u00e1 sanci\u00f3n. Provoca que ante la baja por lesi\u00f3n de Pepe se tenga que acelerar el regreso de Raphael Varane tras dos lesiones consecutivas en su b\u00edceps femoral izquierdo. El central franc\u00e9s ser\u00e1 titular o Casemiro tendr\u00eda que retrasar su posici\u00f3n.<\/p>\n<p>Una nueva lesi\u00f3n en los s\u00f3leos de Gareth Bale es la peor noticia para Zidane. Apenas 25 minutos en el campo el d\u00eda de su regreso y de nuevo a la enfermer\u00eda en un mes decisivo. Sin el gal\u00e9s con el posible descanso a un fatigado Toni Kroos y el regreso de Isco Alarc\u00f3n a la titularidad, Marco Asensio y James Rodr\u00edguez luchan por el \u00faltimo puesto libre en ataque.<\/p>\n","protected":false},"excerpt":{"rendered":"<p>El Real Madrid buscar\u00e1 revancha tras caer en el Derby, visitando al Deportivo La Coru\u00f1a en Riazor.<\/p>\n","protected":false},"author":144,"featured_media":475906,"comment_status":"closed","ping_status":"closed","sticky":false,"template":"","format":"standard","meta":[],"categories":[3839,3844],"tags":[971,217,5928,76,1913,5956,91,5988],"_links":{"self":[{"href":"http:\/\/desarrollo.grupomedios.com\/futbol\/wp-json\/wp\/v2\/posts\/475903"}],"collection":[{"href":"http:\/\/desarrollo.grupomedios.com\/futbol\/wp-json\/wp\/v2\/posts"}],"about":[{"href":"http:\/\/desarrollo.grupomedios.com\/futbol\/wp-json\/wp\/v2\/types\/post"}],"author":[{"embeddable":true,"href":"http:\/\/desarrollo.grupomedios.com\/futbol\/wp-json\/wp\/v2\/users\/144"}],"replies":[{"embeddable":true,"href":"http:\/\/desarrollo.grupomedios.com\/futbol\/wp-json\/wp\/v2\/comments?post=475903"}],"version-history":[{"count":6,"href":"http:\/\/desarrollo.grupomedios.com\/futbol\/wp-json\/wp\/v2\/posts\/475903\/revisions"}],"predecessor-version":[{"id":476018,"href":"http:\/\/desarrollo.grupomedios.com\/futbol\/wp-json\/wp\/v2\/posts\/475903\/revisions\/476018"}],"wp:featuredmedia":[{"embeddable":true,"href":"http:\/\/desarrollo.grupomedios.com\/futbol\/wp-json\/wp\/v2\/media\/475906"}],"wp:attachment":[{"href":"http:\/\/desarrollo.grupomedios.com\/futbol\/wp-json\/wp\/v2\/media?parent=475903"}],"wp:term":[{"taxonomy":"category","embeddable":true,"href":"http:\/\/desarrollo.grupomedios.com\/futbol\/wp-json\/wp\/v2\/categories?post=475903"},{"taxonomy":"post_tag","embeddable":true,"href":"http:\/\/desarrollo.grupomedios.com\/futbol\/wp-json\/wp\/v2\/tags?post=475903"}],"curies":[{"name":"wp","href":"https:\/\/api.w.org\/{rel}","templated":true}]}}