{"id":475929,"date":"2017-04-26T11:03:30","date_gmt":"2017-04-26T16:03:30","guid":{"rendered":"https:\/\/www.futboltotal.com.mx\/?p=475929"},"modified":"2017-04-26T11:03:30","modified_gmt":"2017-04-26T16:03:30","slug":"quizft-cual-ha-sido-la-mejor-final-de-la-concachampions","status":"publish","type":"post","link":"http:\/\/desarrollo.grupomedios.com\/futbol\/futbol-internacional\/quizft-cual-ha-sido-la-mejor-final-de-la-concachampions\/2017\/04","title":{"rendered":"QUIZFT: \u00bfCu\u00e1l ha sido la mejor Final de la Concachampions?"},"content":{"rendered":"<p>Este mi\u00e9rcoles Pachuca y Tigres definir\u00e1n al Campe\u00f3n de la <strong>Concachampions<\/strong> 2016-17, que otorgar\u00e1 el pase al Mundial de Clubes en los Emiratos \u00c1rabes Unidos.<\/p>\n<p>Es por ello que previo a la Final, en<strong> Futbol Total<\/strong> hemos decidido recordar algunas finales del torneo, donde en los \u00faltimos a\u00f1os han sido diputadas entre mexicanos.<\/p>\n<p>Divi\u00e9rtete resolviendo este QUIZFT y demuestra tus conocimientos sobre la <strong>Concachampions<\/strong>, crack.<\/p>\n<p style=\"text-align: center;\"><span style=\"color: #3366ff;\"><a style=\"color: #3366ff;\" href=\"https:\/\/www.futboltotal.com.mx\/2017\/04\/rafa-marquez-volvio-a-los-entrenamientos-atlas\/\">LEER M\u00c1S: \u00a1Rafa M\u00e1rquez volvi\u00f3 a los entrenamientos con el Atlas!<\/a><\/span><\/p>\n<p><script type=\"text\/javascript\" src=\"\/\/cdn.playbuzz.com\/widget\/feed.js\"><\/script><\/p>\n<div class=\"pb_feed\" data-embed-by=\"d43f3879-83ed-40bc-99d7-fde80605466f\" data-item=\"fcc1e9ae-546a-4439-9a66-8a2703b3dd6b\" data-recommend=\"false\" data-comments=\"false\" data-shares=\"false\"><\/div>\n","protected":false},"excerpt":{"rendered":"<p>Divi\u00e9rtete con este Quiz sobre la Concachampions.<\/p>\n","protected":false},"author":20,"featured_media":475943,"comment_status":"closed","ping_status":"closed","sticky":false,"template":"","format":"standard","meta":[],"categories":[7570,3839],"tags":[3182],"_links":{"self":[{"href":"http:\/\/desarrollo.grupomedios.com\/futbol\/wp-json\/wp\/v2\/posts\/475929"}],"collection":[{"href":"http:\/\/desarrollo.grupomedios.com\/futbol\/wp-json\/wp\/v2\/posts"}],"about":[{"href":"http:\/\/desarrollo.grupomedios.com\/futbol\/wp-json\/wp\/v2\/types\/post"}],"author":[{"embeddable":true,"href":"http:\/\/desarrollo.grupomedios.com\/futbol\/wp-json\/wp\/v2\/users\/20"}],"replies":[{"embeddable":true,"href":"http:\/\/desarrollo.grupomedios.com\/futbol\/wp-json\/wp\/v2\/comments?post=475929"}],"version-history":[{"count":1,"href":"http:\/\/desarrollo.grupomedios.com\/futbol\/wp-json\/wp\/v2\/posts\/475929\/revisions"}],"predecessor-version":[{"id":475945,"href":"http:\/\/desarrollo.grupomedios.com\/futbol\/wp-json\/wp\/v2\/posts\/475929\/revisions\/475945"}],"wp:featuredmedia":[{"embeddable":true,"href":"http:\/\/desarrollo.grupomedios.com\/futbol\/wp-json\/wp\/v2\/media\/475943"}],"wp:attachment":[{"href":"http:\/\/desarrollo.grupomedios.com\/futbol\/wp-json\/wp\/v2\/media?parent=475929"}],"wp:term":[{"taxonomy":"category","embeddable":true,"href":"http:\/\/desarrollo.grupomedios.com\/futbol\/wp-json\/wp\/v2\/categories?post=475929"},{"taxonomy":"post_tag","embeddable":true,"href":"http:\/\/desarrollo.grupomedios.com\/futbol\/wp-json\/wp\/v2\/tags?post=475929"}],"curies":[{"name":"wp","href":"https:\/\/api.w.org\/{rel}","templated":true}]}}