{"id":475967,"date":"2017-04-26T14:11:58","date_gmt":"2017-04-26T19:11:58","guid":{"rendered":"https:\/\/www.futboltotal.com.mx\/?p=475967"},"modified":"2017-04-26T14:11:58","modified_gmt":"2017-04-26T19:11:58","slug":"camp-nou-homenajeo-a-messi-repitiendo-festejo-en-bernabeu","status":"publish","type":"post","link":"http:\/\/desarrollo.grupomedios.com\/futbol\/futbol-internacional\/camp-nou-homenajeo-a-messi-repitiendo-festejo-en-bernabeu\/2017\/04","title":{"rendered":"El Camp Nou homenaje\u00f3 a Messi repitiendo su festej\u00f3 en el Bernab\u00e9u"},"content":{"rendered":"<p>Los presentes en el estadio <strong>Camp Nou<\/strong> fueron los responsables del homenaje que se le rindi\u00f3 a <strong>Lionel Messi<\/strong> previo al partido ante el <strong>Osasuna<\/strong> con motivo de los 500 goles de <em>La Pulga<\/em> como blaugrana, pero el verdadero honor que vivi\u00f3 el argentino se lo dieron al minuto 12 del juego.<\/p>\n<p>Justo en ese minuto Messi se encarg\u00f3 de abrir el marcador, su gol 501 con los <em>Cul\u00e9s<\/em> (m\u00e1s tarde marcar\u00eda el 502) luego de una pelota que rob\u00f3 el &#8217;10&#8217; para llevarla en contragolpe y firmar la anotaci\u00f3n al picar el esf\u00e9rico ante la salida del portero Sirigu.<\/p>\n<p style=\"text-align: center;\"><span style=\"color: #333399;\"><a style=\"color: #333399;\" href=\"https:\/\/www.futboltotal.com.mx\/2017\/04\/ricardo-pelaez-se-va-del-america\/\">VER M\u00c1S: \u00a1Ricardo Pel\u00e1ez se va del Am\u00e9rica!<\/a><\/span><\/p>\n<p>&nbsp;<\/p>\n<blockquote class=\"twitter-video\" data-lang=\"es\">\n<p dir=\"ltr\" lang=\"es\">Goooooooooooool de <a href=\"https:\/\/twitter.com\/hashtag\/Messi?src=hash\">#Messi<\/a> que marca su gol 501 <a href=\"https:\/\/twitter.com\/hashtag\/FCBOsasuna?src=hash\">#FCBOsasuna<\/a> 1-0 <a href=\"https:\/\/t.co\/NOaPeHKMKR\">pic.twitter.com\/NOaPeHKMKR<\/a><\/p>\n<p>\u2014 FCBentumano1.0 (@fcbentumano1) <a href=\"https:\/\/twitter.com\/fcbentumano1\/status\/857297812295471110\">26 de abril de 2017<\/a><\/p><\/blockquote>\n<p><script async src=\"\/\/platform.twitter.com\/widgets.js\" charset=\"utf-8\"><\/script><\/p>\n<p>Lionel celebr\u00f3 el gol de forma un tanto conservadora, pero el momento emotivo se dio cuando los seguidores blaugranas en las gradas sacaron miles de playeras del Barcelona y las mostraron hacia Messi.<\/p>\n<p><a href=\"https:\/\/www.futboltotal.com.mx\/wp-content\/uploads\/2017\/04\/Messi-Homenaje-Camp-Nou.jpg\"><img decoding=\"async\" loading=\"lazy\" class=\"aligncenter size-large wp-image-475969\" src=\"https:\/\/www.futboltotal.com.mx\/wp-content\/uploads\/2017\/04\/Messi-Homenaje-Camp-Nou-1024x576.jpg\" alt=\"El Camp Nou homenaje\u00f3 a Messi repitiendo su festej\u00f3 en el Bernab\u00e9u 0\" srcset=\"http:\/\/desarrollo.grupomedios.com\/futbol\/wp-content\/uploads\/2017\/04\/Messi-Homenaje-Camp-Nou-1024x576.jpg 1024w, http:\/\/desarrollo.grupomedios.com\/futbol\/wp-content\/uploads\/2017\/04\/Messi-Homenaje-Camp-Nou-300x169.jpg 300w, http:\/\/desarrollo.grupomedios.com\/futbol\/wp-content\/uploads\/2017\/04\/Messi-Homenaje-Camp-Nou-768x432.jpg 768w, http:\/\/desarrollo.grupomedios.com\/futbol\/wp-content\/uploads\/2017\/04\/Messi-Homenaje-Camp-Nou-317x178.jpg 317w, http:\/\/desarrollo.grupomedios.com\/futbol\/wp-content\/uploads\/2017\/04\/Messi-Homenaje-Camp-Nou-535x301.jpg 535w, http:\/\/desarrollo.grupomedios.com\/futbol\/wp-content\/uploads\/2017\/04\/Messi-Homenaje-Camp-Nou-374x210.jpg 374w, http:\/\/desarrollo.grupomedios.com\/futbol\/wp-content\/uploads\/2017\/04\/Messi-Homenaje-Camp-Nou.jpg 1136w\" sizes=\"(max-width: 1024px) 100vw, 1024px\" \/><\/a><\/p>\n<p>La gente se rindi\u00f3 a su m\u00e1ximo \u00eddolo con este ic\u00f3nico gesto, tal y como \u00e9l lo hizo a los fans del Real Madrid tras marcar su gol 500, el mismo que signific\u00f3 el 3-2 y triunfo de su equipo en el Derby espa\u00f1ol.<\/p>\n<p>&nbsp;<\/p>\n<blockquote class=\"twitter-video\" data-lang=\"es\">\n<p dir=\"ltr\" lang=\"es\">As\u00ed se ve el \u00faltimo gol de <a href=\"https:\/\/twitter.com\/hashtag\/Messi?src=hash\">#Messi<\/a> desde la tribuna del Santiago Bernab\u00e9u, la gente de Real Madrid queda asombrada:<a href=\"https:\/\/t.co\/1kK3G65vzz\">pic.twitter.com\/1kK3G65vzz<\/a><\/p>\n<p>\u2014 Guille Fernandez&#x1f1fa;&#x1f1fe; (@GuilleZNK) <a href=\"https:\/\/twitter.com\/GuilleZNK\/status\/856273005982490624\">23 de abril de 2017<\/a><\/p><\/blockquote>\n<p><script async src=\"\/\/platform.twitter.com\/widgets.js\" charset=\"utf-8\"><\/script><\/p>\n<p>Antes del silbatazo inicial, las gradas del Camp Nou mostraron una enorme manta en la que le agradec\u00edan a Messi por su medio millar de anotaciones como barcelonista.<\/p>\n<p>&nbsp;<\/p>\n<blockquote class=\"twitter-video\" data-lang=\"es\">\n<p dir=\"ltr\" lang=\"es\">El m\u00e1s grande de todos los tiempos. Messi <a href=\"https:\/\/t.co\/13z0JBFxQV\">pic.twitter.com\/13z0JBFxQV<\/a><\/p>\n<p>\u2014 Pilar Suarez (@pilsuaS) <a href=\"https:\/\/twitter.com\/pilsuaS\/status\/857286795511418882\">26 de abril de 2017<\/a><\/p><\/blockquote>\n<p><script async src=\"\/\/platform.twitter.com\/widgets.js\" charset=\"utf-8\"><\/script><\/p>\n<p style=\"text-align: center;\"><span style=\"color: #333399;\"><a style=\"color: #333399;\" href=\"https:\/\/www.futboltotal.com.mx\/2017\/04\/piojo-herrera-pone-fecha-definir-posible-llegada-al-america\/\">VER M\u00c1S: <em>Piojo<\/em> Herrera pone fecha para definir su posible vuelta al Am\u00e9rica<\/a><\/span><\/p>\n","protected":false},"excerpt":{"rendered":"<p>Messi abri\u00f3 el marcador ante Osasuna y el Camp Nou lo homenaje\u00f3.<\/p>\n","protected":false},"author":20,"featured_media":475969,"comment_status":"closed","ping_status":"closed","sticky":false,"template":"","format":"standard","meta":[],"categories":[3839,3844],"tags":[5984,1813,6012,248,218],"_links":{"self":[{"href":"http:\/\/desarrollo.grupomedios.com\/futbol\/wp-json\/wp\/v2\/posts\/475967"}],"collection":[{"href":"http:\/\/desarrollo.grupomedios.com\/futbol\/wp-json\/wp\/v2\/posts"}],"about":[{"href":"http:\/\/desarrollo.grupomedios.com\/futbol\/wp-json\/wp\/v2\/types\/post"}],"author":[{"embeddable":true,"href":"http:\/\/desarrollo.grupomedios.com\/futbol\/wp-json\/wp\/v2\/users\/20"}],"replies":[{"embeddable":true,"href":"http:\/\/desarrollo.grupomedios.com\/futbol\/wp-json\/wp\/v2\/comments?post=475967"}],"version-history":[{"count":1,"href":"http:\/\/desarrollo.grupomedios.com\/futbol\/wp-json\/wp\/v2\/posts\/475967\/revisions"}],"predecessor-version":[{"id":475971,"href":"http:\/\/desarrollo.grupomedios.com\/futbol\/wp-json\/wp\/v2\/posts\/475967\/revisions\/475971"}],"wp:featuredmedia":[{"embeddable":true,"href":"http:\/\/desarrollo.grupomedios.com\/futbol\/wp-json\/wp\/v2\/media\/475969"}],"wp:attachment":[{"href":"http:\/\/desarrollo.grupomedios.com\/futbol\/wp-json\/wp\/v2\/media?parent=475967"}],"wp:term":[{"taxonomy":"category","embeddable":true,"href":"http:\/\/desarrollo.grupomedios.com\/futbol\/wp-json\/wp\/v2\/categories?post=475967"},{"taxonomy":"post_tag","embeddable":true,"href":"http:\/\/desarrollo.grupomedios.com\/futbol\/wp-json\/wp\/v2\/tags?post=475967"}],"curies":[{"name":"wp","href":"https:\/\/api.w.org\/{rel}","templated":true}]}}