{"id":475972,"date":"2017-04-26T14:57:29","date_gmt":"2017-04-26T19:57:29","guid":{"rendered":"https:\/\/www.futboltotal.com.mx\/?p=475972"},"modified":"2017-04-26T14:57:29","modified_gmt":"2017-04-26T19:57:29","slug":"marc-bartra-mostro-herida-sufrida-en-atentado-en-dortmund","status":"publish","type":"post","link":"http:\/\/desarrollo.grupomedios.com\/futbol\/futbol-internacional\/marc-bartra-mostro-herida-sufrida-en-atentado-en-dortmund\/2017\/04","title":{"rendered":"Marc Bartra mostr\u00f3 su herida sufrida en atentado en Dortmund"},"content":{"rendered":"<p><strong>Marc Bartra<\/strong>, el defensor espa\u00f1ol del <strong>Borussia Dortmund<\/strong> que sali\u00f3 herido en su brazo luego del lamentable <strong>atentado<\/strong> en el que el autob\u00fas del cuadro alem\u00e1n se vio involucrado previo a su partido ante <strong>M\u00f3naco<\/strong>, sigue avanzando en su recuperaci\u00f3n.<\/p>\n<p>Por ello, el ex jugador del <strong>Barcelona<\/strong> quiso compartir en redes sociales que este mi\u00e9rcoles le quitaron los puntos de esa herida, esto con una imagen y la frase: &#8220;Puntos fuera!&#8221;.<\/p>\n<p style=\"text-align: center;\"><span style=\"color: #333399;\"><a style=\"color: #333399;\" href=\"https:\/\/www.futboltotal.com.mx\/2017\/04\/resultados-liga-espana-barcelona-7-1-osasuna\/\">VER M\u00c1S: \u00a1Barcelona y Messi\u00a0se dan fest\u00edn y hasta Mascherano anot\u00f3!<\/a><\/span><\/p>\n<p><a href=\"https:\/\/www.futboltotal.com.mx\/wp-content\/uploads\/2017\/04\/Herida-Bartra.jpg\"><img decoding=\"async\" loading=\"lazy\" class=\"aligncenter size-full wp-image-475982\" src=\"https:\/\/www.futboltotal.com.mx\/wp-content\/uploads\/2017\/04\/Herida-Bartra.jpg\" alt=\"Marc Bartra mostr\u00f3 su herida sufrida en atentado en Dortmund 0\" srcset=\"http:\/\/desarrollo.grupomedios.com\/futbol\/wp-content\/uploads\/2017\/04\/Herida-Bartra.jpg 572w, http:\/\/desarrollo.grupomedios.com\/futbol\/wp-content\/uploads\/2017\/04\/Herida-Bartra-169x300.jpg 169w\" sizes=\"(max-width: 572px) 100vw, 572px\" \/><\/a><\/p>\n","protected":false},"excerpt":{"rendered":"<p>Bartra comparti\u00f3 en redes sociales que le quitaron los puntos de esa herida.<\/p>\n","protected":false},"author":20,"featured_media":475647,"comment_status":"closed","ping_status":"closed","sticky":false,"template":"","format":"standard","meta":[],"categories":[5419,3839],"tags":[7250,5232,6047,36,6893],"_links":{"self":[{"href":"http:\/\/desarrollo.grupomedios.com\/futbol\/wp-json\/wp\/v2\/posts\/475972"}],"collection":[{"href":"http:\/\/desarrollo.grupomedios.com\/futbol\/wp-json\/wp\/v2\/posts"}],"about":[{"href":"http:\/\/desarrollo.grupomedios.com\/futbol\/wp-json\/wp\/v2\/types\/post"}],"author":[{"embeddable":true,"href":"http:\/\/desarrollo.grupomedios.com\/futbol\/wp-json\/wp\/v2\/users\/20"}],"replies":[{"embeddable":true,"href":"http:\/\/desarrollo.grupomedios.com\/futbol\/wp-json\/wp\/v2\/comments?post=475972"}],"version-history":[{"count":1,"href":"http:\/\/desarrollo.grupomedios.com\/futbol\/wp-json\/wp\/v2\/posts\/475972\/revisions"}],"predecessor-version":[{"id":475986,"href":"http:\/\/desarrollo.grupomedios.com\/futbol\/wp-json\/wp\/v2\/posts\/475972\/revisions\/475986"}],"wp:featuredmedia":[{"embeddable":true,"href":"http:\/\/desarrollo.grupomedios.com\/futbol\/wp-json\/wp\/v2\/media\/475647"}],"wp:attachment":[{"href":"http:\/\/desarrollo.grupomedios.com\/futbol\/wp-json\/wp\/v2\/media?parent=475972"}],"wp:term":[{"taxonomy":"category","embeddable":true,"href":"http:\/\/desarrollo.grupomedios.com\/futbol\/wp-json\/wp\/v2\/categories?post=475972"},{"taxonomy":"post_tag","embeddable":true,"href":"http:\/\/desarrollo.grupomedios.com\/futbol\/wp-json\/wp\/v2\/tags?post=475972"}],"curies":[{"name":"wp","href":"https:\/\/api.w.org\/{rel}","templated":true}]}}