{"id":475978,"date":"2017-04-26T14:48:59","date_gmt":"2017-04-26T19:48:59","guid":{"rendered":"https:\/\/www.futboltotal.com.mx\/?p=475978"},"modified":"2017-04-26T14:48:59","modified_gmt":"2017-04-26T19:48:59","slug":"carlos-reinoso-cuenta-se-despidio-jugadores-del-veracruz","status":"publish","type":"post","link":"http:\/\/desarrollo.grupomedios.com\/futbol\/futbol-mexicano\/carlos-reinoso-cuenta-se-despidio-jugadores-del-veracruz\/2017\/04","title":{"rendered":"Carlos Reinoso cuenta c\u00f3mo se despidi\u00f3 de los Tiburones"},"content":{"rendered":"<p>En una entrevista televisiva, el estratega chileno, <strong>Carlos Reinoso<\/strong>, confes\u00f3 cu\u00e1ndo y c\u00f3mo fue que se despidi\u00f3 de los jugadores del <strong>Veracruz<\/strong>, por cuestiones de salud, aunque tambi\u00e9n aclar\u00f3, que no ha dejado al equipo de forma definitiva.<\/p>\n<p>\u201cTerminando el partido de Morelia me acerco, los llamo y les digo, &#8216;me voy a hacer a un lado porque me siento mal&#8217;, al otro d\u00eda en la ma\u00f1ana se los repet\u00ed y me fui\u201d, indic\u00f3 en el programa de <em>Super Estadio<\/em>.<\/p>\n<p><strong>Carlos Reinoso<\/strong> a\u00fan se encuentra en recuperaci\u00f3n, tras los problemas de salud que lo obligaron a dejar al <strong>Veracruz<\/strong> a media campa\u00f1a, aunque explic\u00f3 que no se fue de forma definitiva, pues piensa volver al Puerto; quiz\u00e1 para la siguiente campa\u00f1a, ya sea en Liga MX o en Ascenso MX.<\/p>\n<p style=\"text-align: center;\"><span style=\"color: #3366ff;\"><a style=\"color: #3366ff;\" href=\"https:\/\/www.futboltotal.com.mx\/2017\/04\/10-jugadores-la-liga-mx-cambiarian-equipo\/\"><strong>VER M\u00c1S: 10 jugadores que cambiar\u00edan de equipo en el Apertura 2017<\/strong><\/a><\/span><\/p>\n<p>&#8220;A m\u00ed todav\u00eda nadie me ha dicho que yo estoy fuera de Veracruz&#8221;, agreg\u00f3 el director t\u00e9cnico chileno, quien posee en su palmar\u00e9s, un t\u00edtulo de Liga MX con Am\u00e9rica y uno de Copa MX con los <em>Tiburones Rojos<\/em>.<\/p>\n<p><strong>S\u00edguenos en Twitter:<\/strong> <a href=\"https:\/\/twitter.com\/MXFutbolTotal\" target=\"_blank\">@MXFutbolTotal<\/a><\/p>\n","protected":false},"excerpt":{"rendered":"<p>El director t\u00e9cnico escualo confiesa c\u00f3mo y cu\u00e1ndo habl\u00f3 con sus pupilos.<\/p>\n","protected":false},"author":20,"featured_media":475979,"comment_status":"closed","ping_status":"closed","sticky":false,"template":"","format":"standard","meta":[],"categories":[2198,3845],"tags":[4538,6049],"_links":{"self":[{"href":"http:\/\/desarrollo.grupomedios.com\/futbol\/wp-json\/wp\/v2\/posts\/475978"}],"collection":[{"href":"http:\/\/desarrollo.grupomedios.com\/futbol\/wp-json\/wp\/v2\/posts"}],"about":[{"href":"http:\/\/desarrollo.grupomedios.com\/futbol\/wp-json\/wp\/v2\/types\/post"}],"author":[{"embeddable":true,"href":"http:\/\/desarrollo.grupomedios.com\/futbol\/wp-json\/wp\/v2\/users\/20"}],"replies":[{"embeddable":true,"href":"http:\/\/desarrollo.grupomedios.com\/futbol\/wp-json\/wp\/v2\/comments?post=475978"}],"version-history":[{"count":1,"href":"http:\/\/desarrollo.grupomedios.com\/futbol\/wp-json\/wp\/v2\/posts\/475978\/revisions"}],"predecessor-version":[{"id":475980,"href":"http:\/\/desarrollo.grupomedios.com\/futbol\/wp-json\/wp\/v2\/posts\/475978\/revisions\/475980"}],"wp:featuredmedia":[{"embeddable":true,"href":"http:\/\/desarrollo.grupomedios.com\/futbol\/wp-json\/wp\/v2\/media\/475979"}],"wp:attachment":[{"href":"http:\/\/desarrollo.grupomedios.com\/futbol\/wp-json\/wp\/v2\/media?parent=475978"}],"wp:term":[{"taxonomy":"category","embeddable":true,"href":"http:\/\/desarrollo.grupomedios.com\/futbol\/wp-json\/wp\/v2\/categories?post=475978"},{"taxonomy":"post_tag","embeddable":true,"href":"http:\/\/desarrollo.grupomedios.com\/futbol\/wp-json\/wp\/v2\/tags?post=475978"}],"curies":[{"name":"wp","href":"https:\/\/api.w.org\/{rel}","templated":true}]}}