{"id":475983,"date":"2017-04-26T15:28:08","date_gmt":"2017-04-26T20:28:08","guid":{"rendered":"https:\/\/www.futboltotal.com.mx\/?p=475983"},"modified":"2017-04-26T15:30:39","modified_gmt":"2017-04-26T20:30:39","slug":"mascherano-anoto-primer-gol-asi-reaccionaron-los-cracks-del-barca","status":"publish","type":"post","link":"http:\/\/desarrollo.grupomedios.com\/futbol\/videos\/mascherano-anoto-primer-gol-asi-reaccionaron-los-cracks-del-barca\/2017\/04","title":{"rendered":"Mascherano anot\u00f3 su primer gol y desata c\u00f3mica reacci\u00f3n de Messi"},"content":{"rendered":"<p>La plantilla del Barcelona vivi\u00f3 una gran noche en el Camp Nou tras apabullar 7-1 al Osasuna. Uno de los que no olvidar\u00e1 la noche ser\u00e1 el defensa Javier Mascherano. Y es que despu\u00e9s de 319 partidos con los <em>Cul\u00e9s<\/em>\u00a0por fin pudo marcar su primer gol<i>. <\/i>Lo hizo tras\u00a0haber pedido el bal\u00f3n para cobrar un penalti cuando Messi ya hab\u00eda salido del campo. En el banquillo <em>azulgrana<\/em> hubo total expectaci\u00f3n y todos se sorprendieron con la actitud del <em>Jefecito, <\/em>desatando las\u00a0risas y una reacci\u00f3n imperdible<em>&#8230;<\/em> \u00a1hasta del entrenador Luis Enrique!<\/p>\n<p style=\"text-align: center;\"><span style=\"color: #3366ff;\">VER M\u00c1S: Todas las noticias de f\u00fatbol internacional\u00a0<\/span><\/p>\n<blockquote class=\"twitter-video\" data-lang=\"es\">\n<p dir=\"ltr\" lang=\"es\">\u00a1<a href=\"https:\/\/twitter.com\/Mascherano\">@Mascherano<\/a> de estreno! El &#8220;jefecito&#8221; marco su primer gol con la camiseta del <a href=\"https:\/\/twitter.com\/hashtag\/Barcelona?src=hash\">#Barcelona<\/a> <a href=\"https:\/\/t.co\/16koKqZC23\">https:\/\/t.co\/16koKqZC23<\/a> <a href=\"https:\/\/t.co\/QkGy7dsXb5\">pic.twitter.com\/QkGy7dsXb5<\/a><\/p>\n<p>\u2014 Infobae Deportes (@InfobaeDeportes) <a href=\"https:\/\/twitter.com\/InfobaeDeportes\/status\/857317725043134465\">26 de abril de 2017<\/a><\/p><\/blockquote>\n<p><script async src=\"\/\/platform.twitter.com\/widgets.js\" charset=\"utf-8\"><\/script><\/p>\n","protected":false},"excerpt":{"rendered":"<p>Nadie imagin\u00f3 que el Jefecito pudiera pedir el bal\u00f3n para cobrar el penalti.<\/p>\n","protected":false},"author":20,"featured_media":475994,"comment_status":"closed","ping_status":"closed","sticky":false,"template":"","format":"standard","meta":[],"categories":[3839,3844,4],"tags":[5984,2337],"_links":{"self":[{"href":"http:\/\/desarrollo.grupomedios.com\/futbol\/wp-json\/wp\/v2\/posts\/475983"}],"collection":[{"href":"http:\/\/desarrollo.grupomedios.com\/futbol\/wp-json\/wp\/v2\/posts"}],"about":[{"href":"http:\/\/desarrollo.grupomedios.com\/futbol\/wp-json\/wp\/v2\/types\/post"}],"author":[{"embeddable":true,"href":"http:\/\/desarrollo.grupomedios.com\/futbol\/wp-json\/wp\/v2\/users\/20"}],"replies":[{"embeddable":true,"href":"http:\/\/desarrollo.grupomedios.com\/futbol\/wp-json\/wp\/v2\/comments?post=475983"}],"version-history":[{"count":2,"href":"http:\/\/desarrollo.grupomedios.com\/futbol\/wp-json\/wp\/v2\/posts\/475983\/revisions"}],"predecessor-version":[{"id":475997,"href":"http:\/\/desarrollo.grupomedios.com\/futbol\/wp-json\/wp\/v2\/posts\/475983\/revisions\/475997"}],"wp:featuredmedia":[{"embeddable":true,"href":"http:\/\/desarrollo.grupomedios.com\/futbol\/wp-json\/wp\/v2\/media\/475994"}],"wp:attachment":[{"href":"http:\/\/desarrollo.grupomedios.com\/futbol\/wp-json\/wp\/v2\/media?parent=475983"}],"wp:term":[{"taxonomy":"category","embeddable":true,"href":"http:\/\/desarrollo.grupomedios.com\/futbol\/wp-json\/wp\/v2\/categories?post=475983"},{"taxonomy":"post_tag","embeddable":true,"href":"http:\/\/desarrollo.grupomedios.com\/futbol\/wp-json\/wp\/v2\/tags?post=475983"}],"curies":[{"name":"wp","href":"https:\/\/api.w.org\/{rel}","templated":true}]}}