{"id":475992,"date":"2017-04-26T16:51:58","date_gmt":"2017-04-26T21:51:58","guid":{"rendered":"https:\/\/www.futboltotal.com.mx\/?p=475992"},"modified":"2017-04-26T16:51:48","modified_gmt":"2017-04-26T21:51:48","slug":"me-quiero-ir-del-america-titulo-ricardo-pelaez","status":"publish","type":"post","link":"http:\/\/desarrollo.grupomedios.com\/futbol\/videos\/me-quiero-ir-del-america-titulo-ricardo-pelaez\/2017\/04","title":{"rendered":"Me quiero ir del Am\u00e9rica con un t\u00edtulo: Ricardo Pel\u00e1ez"},"content":{"rendered":"<p>Luego de que la prensa nacional adelantara que <strong>Ricardo Pel\u00e1ez<\/strong> hab\u00eda concluido su periodo como presidente deportivo del <strong>Am\u00e9rica<\/strong>, \u00e9l mismo confirm\u00f3 que su Era lleg\u00f3 a su fin, no sin antes advertir, que buscar\u00e1 despedirse con un t\u00edtulo, para cerrar con broche de oro su estancia en el conjunto <em>azulcrema<\/em>.<\/p>\n<p>\u201cMe quiero ir campe\u00f3n, me voy a ir campe\u00f3n con estos jugadores y con este cuerpo t\u00e9cnico. Vamos a trabajar lo que resta del torneo, el s\u00e1bado para ir paso a paso y lograr la clasificaci\u00f3n&#8230; posteriormente partido a partido para luchar y poder poner otro trofeo que engrandezca m\u00e1s el nombre del <strong>Club Am\u00e9rica<\/strong>\u201d, explic\u00f3 <strong>Ricardo Pel\u00e1ez<\/strong>, en las instalaciones de las <em>\u00c1guilas<\/em>.<\/p>\n<p style=\"text-align: center;\"><span style=\"color: #3366ff;\"><a style=\"color: #3366ff;\" href=\"https:\/\/www.futboltotal.com.mx\/2017\/04\/ricardo-pelaez-se-va-del-america\/\" target=\"_blank\"><strong>VER M\u00c1S: El legado de Pel\u00e1ez con Am\u00e9rica<\/strong><\/a><\/span><\/p>\n<blockquote class=\"twitter-video\" data-lang=\"es\">\n<p dir=\"ltr\" lang=\"es\">Ricardo Pel\u00e1ez confirma su salida y segura que se quiere ir campe\u00f3n en este torneo. <a href=\"https:\/\/t.co\/7PCqOlxiER\">pic.twitter.com\/7PCqOlxiER<\/a><\/p>\n<p>\u2014 Zaritzi Sosa (@zaritzisosa) <a href=\"https:\/\/twitter.com\/zaritzisosa\/status\/857314458229669889\">26 de abril de 2017<\/a><\/p><\/blockquote>\n<p><script async src=\"\/\/platform.twitter.com\/widgets.js\" charset=\"utf-8\"><\/script><\/p>\n<p>El tambi\u00e9n ex futbolista ratific\u00f3 que la decisi\u00f3n fue por motivos personales y tomada en familia, con el fin de darse un respiro del ambiente futbol\u00edstico profesional.<\/p>\n<p>\u201cHe tomado la decisi\u00f3n, junto con mi familia, dif\u00edcil por supuesto, de dejar mi cargo como presidente deportivo de <strong>Club Am\u00e9rica<\/strong>. Han sido cinco a\u00f1os maravillosos, una oportunidad que agradezco much\u00edsimo al consejo directivo y al se\u00f1or Azc\u00e1rraga principalmente, que confi\u00f3 en m\u00ed\u201d, concluy\u00f3.<\/p>\n<p>S\u00edguenos en Twitter: <a href=\"https:\/\/twitter.com\/MXFutbolTotal\" target=\"_blank\">@MXFutbolTotal<\/a><\/p>\n","protected":false},"excerpt":{"rendered":"<p>El directivo confirma el fin de su Era en las \u00c1guilas, tras cinco a\u00f1os en el club.<\/p>\n","protected":false},"author":20,"featured_media":475993,"comment_status":"closed","ping_status":"closed","sticky":false,"template":"","format":"standard","meta":[],"categories":[5,2198,3845,4,6433],"tags":[5959,349],"_links":{"self":[{"href":"http:\/\/desarrollo.grupomedios.com\/futbol\/wp-json\/wp\/v2\/posts\/475992"}],"collection":[{"href":"http:\/\/desarrollo.grupomedios.com\/futbol\/wp-json\/wp\/v2\/posts"}],"about":[{"href":"http:\/\/desarrollo.grupomedios.com\/futbol\/wp-json\/wp\/v2\/types\/post"}],"author":[{"embeddable":true,"href":"http:\/\/desarrollo.grupomedios.com\/futbol\/wp-json\/wp\/v2\/users\/20"}],"replies":[{"embeddable":true,"href":"http:\/\/desarrollo.grupomedios.com\/futbol\/wp-json\/wp\/v2\/comments?post=475992"}],"version-history":[{"count":1,"href":"http:\/\/desarrollo.grupomedios.com\/futbol\/wp-json\/wp\/v2\/posts\/475992\/revisions"}],"predecessor-version":[{"id":475996,"href":"http:\/\/desarrollo.grupomedios.com\/futbol\/wp-json\/wp\/v2\/posts\/475992\/revisions\/475996"}],"wp:featuredmedia":[{"embeddable":true,"href":"http:\/\/desarrollo.grupomedios.com\/futbol\/wp-json\/wp\/v2\/media\/475993"}],"wp:attachment":[{"href":"http:\/\/desarrollo.grupomedios.com\/futbol\/wp-json\/wp\/v2\/media?parent=475992"}],"wp:term":[{"taxonomy":"category","embeddable":true,"href":"http:\/\/desarrollo.grupomedios.com\/futbol\/wp-json\/wp\/v2\/categories?post=475992"},{"taxonomy":"post_tag","embeddable":true,"href":"http:\/\/desarrollo.grupomedios.com\/futbol\/wp-json\/wp\/v2\/tags?post=475992"}],"curies":[{"name":"wp","href":"https:\/\/api.w.org\/{rel}","templated":true}]}}