{"id":476052,"date":"2017-04-26T18:42:51","date_gmt":"2017-04-26T23:42:51","guid":{"rendered":"https:\/\/www.futboltotal.com.mx\/?p=476052"},"modified":"2017-04-26T18:42:51","modified_gmt":"2017-04-26T23:42:51","slug":"canelo-tendra-revancha-chavez-jr-gana","status":"publish","type":"post","link":"http:\/\/desarrollo.grupomedios.com\/futbol\/no-todo-es-futbol\/canelo-tendra-revancha-chavez-jr-gana\/2017\/04","title":{"rendered":"\u00a1Canelo tendr\u00e1 revancha si Ch\u00e1vez Jr gana!"},"content":{"rendered":"<p>El duelo entre <strong>Sa\u00fal \u00c1lvarez<\/strong> y <strong>Julio C\u00e9sar Ch\u00e1vez Jr.<\/strong>, es uno de los m\u00e1s esperados en M\u00e9xico, por eso ambos pugilistas est\u00e1n bajo los reflectores, en donde han sobresalido comentarios como la supremac\u00eda que el Canelo siente sobre su adversario.<\/p>\n<p>Pero recientemente sali\u00f3 a la luz nueva informaci\u00f3n, en la que Mauricio Sulaim\u00e1n, presidente del consejo Mundial de Boxeo, revel\u00f3 que habr\u00eda revancha para <strong>Sa\u00fal el Canelo \u00c1lvarez<\/strong>, en el caso de que <strong>Julio C\u00e9sar Ch\u00e1vez<\/strong> se imponga en la batalla del 6 de mayo; la sede del desquite ser\u00eda el estadio Azteca, de acuerdo a informaci\u00f3n del portal <em>Referee<\/em>.<\/p>\n<p style=\"text-align: center;\"><span style=\"color: #3366ff;\"><a style=\"color: #3366ff;\" href=\"https:\/\/www.futboltotal.com.mx\/2017\/04\/chicharito-admite-pertenecer-a-la-maldad-la-nfl\/\" target=\"_blank\"><strong>VER M\u00c1S: Chicharito elige el lado oscuro&#8230; De la NFL<\/strong><\/a><\/span><\/p>\n<blockquote class=\"twitter-tweet\" data-lang=\"es\">\n<p dir=\"ltr\" lang=\"es\">INVITADAZO DE LUJO!<a href=\"https:\/\/twitter.com\/wbcmoro\">@wbcmoro<\/a> nos presume el bello cintur\u00f3n huichol que disputar\u00e1n <a href=\"https:\/\/twitter.com\/Canelo\">@Canelo<\/a> y <a href=\"https:\/\/twitter.com\/jcchavezjr\">@jcchavezjr<\/a> <a href=\"https:\/\/t.co\/aySLzYH1s7\">https:\/\/t.co\/aySLzYH1s7<\/a><\/p>\n<p>\u2014 Referee MX (@referee_mex) <a href=\"https:\/\/twitter.com\/referee_mex\/status\/857280233778679809\">26 de abril de 2017<\/a><\/p><\/blockquote>\n<p><script async src=\"\/\/platform.twitter.com\/widgets.js\" charset=\"utf-8\"><\/script><\/p>\n<p>S\u00edguenos en Twitter: <a href=\"https:\/\/twitter.com\/MXFutbolTotal\" target=\"_blank\">@MXFutbolTotal<\/a><\/p>\n","protected":false},"excerpt":{"rendered":"<p>Revelan que ya habr\u00eda fecha para un desquite, en caso de triunfo de Julio C\u00e9sar.<\/p>\n","protected":false},"author":20,"featured_media":476053,"comment_status":"closed","ping_status":"closed","sticky":false,"template":"","format":"standard","meta":[],"categories":[6282,5418,6411],"tags":[8271,5461,8004],"_links":{"self":[{"href":"http:\/\/desarrollo.grupomedios.com\/futbol\/wp-json\/wp\/v2\/posts\/476052"}],"collection":[{"href":"http:\/\/desarrollo.grupomedios.com\/futbol\/wp-json\/wp\/v2\/posts"}],"about":[{"href":"http:\/\/desarrollo.grupomedios.com\/futbol\/wp-json\/wp\/v2\/types\/post"}],"author":[{"embeddable":true,"href":"http:\/\/desarrollo.grupomedios.com\/futbol\/wp-json\/wp\/v2\/users\/20"}],"replies":[{"embeddable":true,"href":"http:\/\/desarrollo.grupomedios.com\/futbol\/wp-json\/wp\/v2\/comments?post=476052"}],"version-history":[{"count":1,"href":"http:\/\/desarrollo.grupomedios.com\/futbol\/wp-json\/wp\/v2\/posts\/476052\/revisions"}],"predecessor-version":[{"id":476054,"href":"http:\/\/desarrollo.grupomedios.com\/futbol\/wp-json\/wp\/v2\/posts\/476052\/revisions\/476054"}],"wp:featuredmedia":[{"embeddable":true,"href":"http:\/\/desarrollo.grupomedios.com\/futbol\/wp-json\/wp\/v2\/media\/476053"}],"wp:attachment":[{"href":"http:\/\/desarrollo.grupomedios.com\/futbol\/wp-json\/wp\/v2\/media?parent=476052"}],"wp:term":[{"taxonomy":"category","embeddable":true,"href":"http:\/\/desarrollo.grupomedios.com\/futbol\/wp-json\/wp\/v2\/categories?post=476052"},{"taxonomy":"post_tag","embeddable":true,"href":"http:\/\/desarrollo.grupomedios.com\/futbol\/wp-json\/wp\/v2\/tags?post=476052"}],"curies":[{"name":"wp","href":"https:\/\/api.w.org\/{rel}","templated":true}]}}