{"id":476056,"date":"2017-04-26T19:01:52","date_gmt":"2017-04-27T00:01:52","guid":{"rendered":"https:\/\/www.futboltotal.com.mx\/?p=476056"},"modified":"2017-04-26T19:01:52","modified_gmt":"2017-04-27T00:01:52","slug":"ricardo-pelaez-llora-salir-del-america","status":"publish","type":"post","link":"http:\/\/desarrollo.grupomedios.com\/futbol\/videos\/ricardo-pelaez-llora-salir-del-america\/2017\/04","title":{"rendered":"Ricardo Pel\u00e1ez llora por salir del Am\u00e9rica"},"content":{"rendered":"<p>El presidente deportivo de <strong>Am\u00e9rica<\/strong>, <strong>Ricardo Pel\u00e1ez<\/strong>, quien anunci\u00f3 que terminar\u00e1 su relaci\u00f3n contractual con el club, al finalizar el Clausura 2017, no pudo esconder sus sentimientos durante una entrevista televisiva, tras anunciar la decisi\u00f3n.<\/p>\n<p>En charla con la cadena <em>ESPN<\/em>, en las instalaciones del <strong>Am\u00e9rica<\/strong>, <strong>Ricardo Pel\u00e1ez<\/strong> no pudo contener el llanto cuando le preguntaron sobre la reacci\u00f3n de su familia por salir del conjunto <em>azulcrema<\/em>.<\/p>\n<p style=\"text-align: center;\"><span style=\"color: #3366ff;\"><a style=\"color: #3366ff;\" href=\"https:\/\/www.futboltotal.com.mx\/2017\/04\/me-quiero-ir-del-america-titulo-ricardo-pelaez\/\" target=\"_blank\"><strong>VER M\u00c1S: Ricardo Pel\u00e1ez se quiere despedir con t\u00edtulo<\/strong><\/a><\/span><\/p>\n<p><iframe loading=\"lazy\" src=\"https:\/\/www.youtube.com\/embed\/Tvv3sPMHWDk\" frameborder=\"0\" allowfullscreen=\"allowfullscreen\"><\/iframe><\/p>\n<p>S\u00edguenos en Twitter: <a href=\"https:\/\/twitter.com\/MXFutbolTotal\" target=\"_blank\">@MXFutbolTotal<\/a><\/p>\n","protected":false},"excerpt":{"rendered":"<p>El a\u00fan presidente deportivo de las \u00c1guilas, no pudo contener el sentimiento.<\/p>\n","protected":false},"author":20,"featured_media":476057,"comment_status":"closed","ping_status":"closed","sticky":false,"template":"","format":"standard","meta":[],"categories":[2198,3845,4,6433],"tags":[5959,349],"_links":{"self":[{"href":"http:\/\/desarrollo.grupomedios.com\/futbol\/wp-json\/wp\/v2\/posts\/476056"}],"collection":[{"href":"http:\/\/desarrollo.grupomedios.com\/futbol\/wp-json\/wp\/v2\/posts"}],"about":[{"href":"http:\/\/desarrollo.grupomedios.com\/futbol\/wp-json\/wp\/v2\/types\/post"}],"author":[{"embeddable":true,"href":"http:\/\/desarrollo.grupomedios.com\/futbol\/wp-json\/wp\/v2\/users\/20"}],"replies":[{"embeddable":true,"href":"http:\/\/desarrollo.grupomedios.com\/futbol\/wp-json\/wp\/v2\/comments?post=476056"}],"version-history":[{"count":2,"href":"http:\/\/desarrollo.grupomedios.com\/futbol\/wp-json\/wp\/v2\/posts\/476056\/revisions"}],"predecessor-version":[{"id":476059,"href":"http:\/\/desarrollo.grupomedios.com\/futbol\/wp-json\/wp\/v2\/posts\/476056\/revisions\/476059"}],"wp:featuredmedia":[{"embeddable":true,"href":"http:\/\/desarrollo.grupomedios.com\/futbol\/wp-json\/wp\/v2\/media\/476057"}],"wp:attachment":[{"href":"http:\/\/desarrollo.grupomedios.com\/futbol\/wp-json\/wp\/v2\/media?parent=476056"}],"wp:term":[{"taxonomy":"category","embeddable":true,"href":"http:\/\/desarrollo.grupomedios.com\/futbol\/wp-json\/wp\/v2\/categories?post=476056"},{"taxonomy":"post_tag","embeddable":true,"href":"http:\/\/desarrollo.grupomedios.com\/futbol\/wp-json\/wp\/v2\/tags?post=476056"}],"curies":[{"name":"wp","href":"https:\/\/api.w.org\/{rel}","templated":true}]}}