{"id":476156,"date":"2017-04-27T09:30:30","date_gmt":"2017-04-27T14:30:30","guid":{"rendered":"https:\/\/www.futboltotal.com.mx\/?p=476156"},"modified":"2017-04-27T09:30:30","modified_gmt":"2017-04-27T14:30:30","slug":"jorge-vergara-aseguro-chivas-estara-ano-medio-televisa","status":"publish","type":"post","link":"http:\/\/desarrollo.grupomedios.com\/futbol\/destacado-home\/jorge-vergara-aseguro-chivas-estara-ano-medio-televisa\/2017\/04","title":{"rendered":"Vergara asegur\u00f3 que Chivas estar\u00e1 poco tiempo con Televisa"},"content":{"rendered":"<p>El due\u00f1o de las Chivas, <strong>Jorge Vergara<\/strong>, toc\u00f3 el tema de su equipo con las televisoras y asegur\u00f3 que su regreso con Televisa solo ser\u00e1 por poco tiempo.<\/p>\n<p><strong>Vergara<\/strong> se present\u00f3 en el evento de Foros Mural, un evento organizado por Grupo Reforma y donde explic\u00f3 los motivos por los que regres\u00f3 con la televisora de San \u00c1ngel.<\/p>\n<blockquote><p>\u201cNo fue fallido, fue planeado y nos sali\u00f3 bien. Ten\u00edamos una cl\u00e1usula que nos ten\u00eda amarrados con Chivas TV, pero en a\u00f1o y medio (con Televisa), ciao\u2026 Tenemos a\u00f1o y medio para prepararnos y que 20 millones de aparatos puedan ver Chivas TV al mismo tiempo\u201d, expres\u00f3.<\/p><\/blockquote>\n<p>El due\u00f1o del Reba\u00f1o Sagrado tambi\u00e9n dio a conocer que una de las cadenas de televisi\u00f3n de paga hizo una gran oferta y esfuerzo por quedarse con los derechos para transmitir los partidos del equipo, pero lamentablemente no se pudo por la cl\u00e1usula que se ten\u00eda.<\/p>\n<p style=\"text-align: center;\"><span style=\"color: #3366ff;\"><a style=\"color: #3366ff;\" href=\"https:\/\/www.futboltotal.com.mx\/2017\/04\/tuca-estalla-en-vestidor-tigres\/\">LEER M\u00c1S: Tuca estalla en el vestidor de Tigres<\/a><\/span><\/p>\n<p>Asimismo, el due\u00f1o del Reba\u00f1o dio a conocer que una cadena de televisi\u00f3n hizo un gran esfuerzo para quedarse con los derechos de transmisi\u00f3n del club tapat\u00edo.<\/p>\n<p>\u201cQuiero agradecer a Fox Sports, porque le ech\u00f3 muchas ganas para quedarse con el contrato de TV, pero ten\u00edamos la cl\u00e1usula\u201d, confes\u00f3.<\/p>\n","protected":false},"excerpt":{"rendered":"<p>El due\u00f1o de los Rojiblancos confes\u00f3 qu\u00e9 televisora los busc\u00f3.<\/p>\n","protected":false},"author":20,"featured_media":453107,"comment_status":"closed","ping_status":"closed","sticky":false,"template":"","format":"standard","meta":[],"categories":[5,2198,3845],"tags":[70,243,4722],"_links":{"self":[{"href":"http:\/\/desarrollo.grupomedios.com\/futbol\/wp-json\/wp\/v2\/posts\/476156"}],"collection":[{"href":"http:\/\/desarrollo.grupomedios.com\/futbol\/wp-json\/wp\/v2\/posts"}],"about":[{"href":"http:\/\/desarrollo.grupomedios.com\/futbol\/wp-json\/wp\/v2\/types\/post"}],"author":[{"embeddable":true,"href":"http:\/\/desarrollo.grupomedios.com\/futbol\/wp-json\/wp\/v2\/users\/20"}],"replies":[{"embeddable":true,"href":"http:\/\/desarrollo.grupomedios.com\/futbol\/wp-json\/wp\/v2\/comments?post=476156"}],"version-history":[{"count":1,"href":"http:\/\/desarrollo.grupomedios.com\/futbol\/wp-json\/wp\/v2\/posts\/476156\/revisions"}],"predecessor-version":[{"id":476161,"href":"http:\/\/desarrollo.grupomedios.com\/futbol\/wp-json\/wp\/v2\/posts\/476156\/revisions\/476161"}],"wp:featuredmedia":[{"embeddable":true,"href":"http:\/\/desarrollo.grupomedios.com\/futbol\/wp-json\/wp\/v2\/media\/453107"}],"wp:attachment":[{"href":"http:\/\/desarrollo.grupomedios.com\/futbol\/wp-json\/wp\/v2\/media?parent=476156"}],"wp:term":[{"taxonomy":"category","embeddable":true,"href":"http:\/\/desarrollo.grupomedios.com\/futbol\/wp-json\/wp\/v2\/categories?post=476156"},{"taxonomy":"post_tag","embeddable":true,"href":"http:\/\/desarrollo.grupomedios.com\/futbol\/wp-json\/wp\/v2\/tags?post=476156"}],"curies":[{"name":"wp","href":"https:\/\/api.w.org\/{rel}","templated":true}]}}