{"id":476158,"date":"2017-04-27T10:03:44","date_gmt":"2017-04-27T15:03:44","guid":{"rendered":"https:\/\/www.futboltotal.com.mx\/?p=476158"},"modified":"2017-04-27T10:06:21","modified_gmt":"2017-04-27T15:06:21","slug":"nivea-men-futbol-total-te-regalan-maleta-real-madrid","status":"publish","type":"post","link":"http:\/\/desarrollo.grupomedios.com\/futbol\/promociones\/nivea-men-futbol-total-te-regalan-maleta-real-madrid\/2017\/04","title":{"rendered":"NIVEA MEN y FT te regalan una maleta del Real Madrid"},"content":{"rendered":"<p>\u00bfTe gustar\u00eda ganar\u00a0una maleta del <strong>Real Madrid\u00a0<\/strong>llena de productos <strong>NIVEA MEN<\/strong>?\u00a0Es muy f\u00e1cil,\u00a0<strong>NIVEA MEN\u00a0<\/strong>y\u00a0<strong>Futbol Total<\/strong> te regalan una,\u00a0s\u00f3lo debes seguir estos sencillos pasos:<\/p>\n<p>\u2013 Debes seguir<em>\u00a0<\/em>en <strong>Twitter<\/strong>\u00a0a\u00a0<a href=\"https:\/\/twitter.com\/MXFutbolTotal\">@MXfutboltotal<\/a> \u00a0y en <strong>Facebook<\/strong>\u00a0a\u00a0<a href=\"https:\/\/www.facebook.com\/futboltotalmexico\">Futbol Total<\/a> y <a href=\"https:\/\/www.facebook.com\/NiveaMenMexico\/\">NIVEA MEN<\/a>\u00a0(y tomar screenshots de cada uno para comprobarlo).<\/p>\n<p>\u2013 Despu\u00e9s, comparte\u00a0la publicaci\u00f3n en Twitter y Facebook (y toma screenshots de cada uno para comprobarlo).<\/p>\n<p>\u2013 Danos\u00a0tu pron\u00f3stico del <strong>Real Madrid vs. Valencia<\/strong>, que se disputar\u00e1 este s\u00e1bado 29\u00a0de abril.<\/p>\n<p>\u2013 Manda tu\u00a0pron\u00f3stico y tus screenshots al correo\u00a0futboltotal@futboltotal.com.mx con asunto \u201c<strong>MALETA NIVEA REAL MADRID<\/strong>\u201d. El mensaje deber\u00e1 tener el\u00a0nombre completo del participante y cumplir con todos los requisitos.<\/p>\n<p>\u2013 El\u00a0pron\u00f3stico acertado que cumpla con todos los requisitos ser\u00e1\u00a0el ganador de<strong>\u00a01 maleta NIVEA MEN del Real Madrid con productos NIVEA MEN<\/strong>.<\/p>\n<p>\u2013 S\u00f3lo se tomar\u00e1n en cuenta correos\u00a0recibidos hasta antes del viernes 28 de abril\u00a0a las 20:00 horas.<\/p>\n<p>El\u00a0<strong>equipo de Futbol Total<\/strong>\u00a0se comunicar\u00e1 con el ganador, quien deber\u00e1 recoger su premio\u00a0en las oficinas de Futbol Total, ubicadas en la Ciudad de M\u00e9xico. La entrega del premio ser\u00e1 del lunes 1 al mi\u00e9rcoles 3 de mayo,\u00a0en horario de 10:00 a 15:00 horas. Indispensable presentar original y copia de identificaci\u00f3n oficial.<\/p>\n<p>\u00a1Mucha suerte\u00a0<em>cracks<\/em>!<\/p>\n","protected":false},"excerpt":{"rendered":"<p>Gana 1 maleta NIVEA MEN del Real Madrid con productos NIVEA MEN.<\/p>\n","protected":false},"author":20,"featured_media":476164,"comment_status":"closed","ping_status":"closed","sticky":false,"template":"","format":"standard","meta":[],"categories":[5419,60],"tags":[91,8524,5988],"_links":{"self":[{"href":"http:\/\/desarrollo.grupomedios.com\/futbol\/wp-json\/wp\/v2\/posts\/476158"}],"collection":[{"href":"http:\/\/desarrollo.grupomedios.com\/futbol\/wp-json\/wp\/v2\/posts"}],"about":[{"href":"http:\/\/desarrollo.grupomedios.com\/futbol\/wp-json\/wp\/v2\/types\/post"}],"author":[{"embeddable":true,"href":"http:\/\/desarrollo.grupomedios.com\/futbol\/wp-json\/wp\/v2\/users\/20"}],"replies":[{"embeddable":true,"href":"http:\/\/desarrollo.grupomedios.com\/futbol\/wp-json\/wp\/v2\/comments?post=476158"}],"version-history":[{"count":3,"href":"http:\/\/desarrollo.grupomedios.com\/futbol\/wp-json\/wp\/v2\/posts\/476158\/revisions"}],"predecessor-version":[{"id":476173,"href":"http:\/\/desarrollo.grupomedios.com\/futbol\/wp-json\/wp\/v2\/posts\/476158\/revisions\/476173"}],"wp:featuredmedia":[{"embeddable":true,"href":"http:\/\/desarrollo.grupomedios.com\/futbol\/wp-json\/wp\/v2\/media\/476164"}],"wp:attachment":[{"href":"http:\/\/desarrollo.grupomedios.com\/futbol\/wp-json\/wp\/v2\/media?parent=476158"}],"wp:term":[{"taxonomy":"category","embeddable":true,"href":"http:\/\/desarrollo.grupomedios.com\/futbol\/wp-json\/wp\/v2\/categories?post=476158"},{"taxonomy":"post_tag","embeddable":true,"href":"http:\/\/desarrollo.grupomedios.com\/futbol\/wp-json\/wp\/v2\/tags?post=476158"}],"curies":[{"name":"wp","href":"https:\/\/api.w.org\/{rel}","templated":true}]}}