{"id":476178,"date":"2017-04-27T11:09:53","date_gmt":"2017-04-27T16:09:53","guid":{"rendered":"https:\/\/www.futboltotal.com.mx\/?p=476178"},"modified":"2017-04-27T11:09:53","modified_gmt":"2017-04-27T16:09:53","slug":"angel-mena-dejaria-cruz-azul-ir-a-jugar-a-italia","status":"publish","type":"post","link":"http:\/\/desarrollo.grupomedios.com\/futbol\/futbol-mexicano\/angel-mena-dejaria-cruz-azul-ir-a-jugar-a-italia\/2017\/04","title":{"rendered":"\u00c1ngel Mena dejar\u00eda Cruz Azul para ir a jugar a Italia"},"content":{"rendered":"<p>A pesar de que la temporada de <strong>Cruz Azul<\/strong> no ha sido del todo buena, uno de los jugadores que m\u00e1s ha destacado es el ecuatoriano <strong>\u00c1ngel Mena<\/strong>.<\/p>\n<p>El delantero que lleg\u00f3 esta temporada a la M\u00e1quina ha sido de los mejores jugadores y ha aportado ya varios goles al club, por lo que sus d\u00edas como jugador de los cementeros podr\u00edan estar contados.<\/p>\n<p>Seg\u00fan informan medios italianos, <strong>Mena<\/strong> estar\u00eda cerca de llegar al futbol italiano luego de que el Palermo se interesara en los servicios del jugador.<\/p>\n<p style=\"text-align: center;\"><span style=\"color: #3366ff;\"><a style=\"color: #3366ff;\" href=\"https:\/\/www.futboltotal.com.mx\/2017\/04\/chucky-lozano-jugaria-mundial-clubes-pachuca\/\">LEER M\u00c1S: Chucky Lozano no jugar\u00eda el Mundial de Clubes con Pachuca<\/a><\/span><\/p>\n<blockquote><p>&#8220;Me encantar\u00eda jugar en Italia, pero primero tenemos que ver si el club que tiene mi tarjeta est\u00e1 de acuerdo o no&#8221;, coment\u00f3 el ecuatoriano en charla con el portal <em>ilovepalermocalcio<\/em>.<\/p><\/blockquote>\n<p>Adem\u00e1s, <strong>Mena<\/strong> dijo estar interesado en el campeonato italiano debido a la competitividad que tiene y en lo que respecta a \u00e9l, prefiri\u00f3 no hacer comentarios sobre su estilo de juego.<\/p>\n<blockquote><p>&#8220;Me siento muy contento de ser seguido con un club italiano. (La Serie A) es un campeonato muy agradable e interesante.<\/p>\n<p>&#8220;En realidad no me gusta definir qu\u00e9 tipo de atacante soy, prefiero que la gente me vea jugar. Pero puedo decir que soy un jugador t\u00e9cnico, con un buen manejo de la pelota&#8221;, sentenci\u00f3.<\/p><\/blockquote>\n","protected":false},"excerpt":{"rendered":"<p>El Palermo de Italia estar\u00eda interesado en el ecuatoriano.<\/p>\n","protected":false},"author":20,"featured_media":476183,"comment_status":"closed","ping_status":"closed","sticky":false,"template":"","format":"standard","meta":[],"categories":[2198,3845],"tags":[7749,5962],"_links":{"self":[{"href":"http:\/\/desarrollo.grupomedios.com\/futbol\/wp-json\/wp\/v2\/posts\/476178"}],"collection":[{"href":"http:\/\/desarrollo.grupomedios.com\/futbol\/wp-json\/wp\/v2\/posts"}],"about":[{"href":"http:\/\/desarrollo.grupomedios.com\/futbol\/wp-json\/wp\/v2\/types\/post"}],"author":[{"embeddable":true,"href":"http:\/\/desarrollo.grupomedios.com\/futbol\/wp-json\/wp\/v2\/users\/20"}],"replies":[{"embeddable":true,"href":"http:\/\/desarrollo.grupomedios.com\/futbol\/wp-json\/wp\/v2\/comments?post=476178"}],"version-history":[{"count":1,"href":"http:\/\/desarrollo.grupomedios.com\/futbol\/wp-json\/wp\/v2\/posts\/476178\/revisions"}],"predecessor-version":[{"id":476184,"href":"http:\/\/desarrollo.grupomedios.com\/futbol\/wp-json\/wp\/v2\/posts\/476178\/revisions\/476184"}],"wp:featuredmedia":[{"embeddable":true,"href":"http:\/\/desarrollo.grupomedios.com\/futbol\/wp-json\/wp\/v2\/media\/476183"}],"wp:attachment":[{"href":"http:\/\/desarrollo.grupomedios.com\/futbol\/wp-json\/wp\/v2\/media?parent=476178"}],"wp:term":[{"taxonomy":"category","embeddable":true,"href":"http:\/\/desarrollo.grupomedios.com\/futbol\/wp-json\/wp\/v2\/categories?post=476178"},{"taxonomy":"post_tag","embeddable":true,"href":"http:\/\/desarrollo.grupomedios.com\/futbol\/wp-json\/wp\/v2\/tags?post=476178"}],"curies":[{"name":"wp","href":"https:\/\/api.w.org\/{rel}","templated":true}]}}