{"id":476187,"date":"2017-04-27T11:52:23","date_gmt":"2017-04-27T16:52:23","guid":{"rendered":"https:\/\/www.futboltotal.com.mx\/?p=476187"},"modified":"2017-04-27T11:57:24","modified_gmt":"2017-04-27T16:57:24","slug":"fifa-multa-otra-vez-a-la-femexfut-grito-eh-puto","status":"publish","type":"post","link":"http:\/\/desarrollo.grupomedios.com\/futbol\/destacado-home\/fifa-multa-otra-vez-a-la-femexfut-grito-eh-puto\/2017\/04","title":{"rendered":"\u00a1Eehhhh&#8230;.MULTA! FIFA sanciona a la Femexfut"},"content":{"rendered":"<p>La <strong>FIFA<\/strong> ha vuelto a sancionar a la <strong>Federaci\u00f3n Mexicana de Futbol<\/strong> por el grito hom\u00f3fobo de &#8220;\u00a1eehh puto&#8221;, emitido por la afici\u00f3n del <em>Tricolor <\/em>durante el duelo ante Costa Rica de la jornada pasada de las \u00a0eliminatorias mundialistas rumbo a Rusia 2018, disputado en el estadio Azteca.<\/p>\n<p>El m\u00e1ximo organismo del futbol mundial emiti\u00f3 este jueves un comunicado para dar a conocer una serie de sanciones para distintas selecciones, y entre ellas se encuentra M\u00e9xico, que junto a Brasil y Argentina, han sido sancionadas por conducta discriminatoria.<\/p>\n<p style=\"text-align: center;\"><span style=\"color: #3366ff;\">VER M\u00c1S: Todas las noticias de Selecci\u00f3n Mexicana <\/span><\/p>\n<p>En esta ocasi\u00f3n, la <strong>Femexfut<\/strong>\u00a0fue sancionada con\u00a010 mil francos suizos (unos 192 mil pesos) por &#8220;incidentes de car\u00e1cter discriminatorio y antideportivo por parte de las hinchadas, entre los que se han constatado en alguna ocasi\u00f3n cantos hom\u00f3fobos&#8221;, indica el comunicado.<\/p>\n<p>Tambi\u00e9n las Selecciones de Brasil y Argentina fueron castigadas con 35mil francos y 20mil francos, respectivamente, por el mismo tipo de conducta.<\/p>\n<p>Adem\u00e1s de esta sanci\u00f3n, la FIFA advirti\u00f3 que &#8220;adem\u00e1s de analizar los posibles incidentes y proceder acto seguido a sancionarlos, la FIFA ha puesto en marcha una estrategia integral con el objetivo de poner fin a la discriminaci\u00f3n&#8221;.<\/p>\n<p>Cabe apuntar que esta es la s\u00e9ptima vez que la <strong>Femexfut<\/strong> y la<strong> Selecci\u00f3n Mexicana<\/strong> reciben una multa por la conducta de los aficionados. Est\u00e9riles han sido las campa\u00f1as que han lanzado para tratar de erradicarlo.<\/p>\n<p>En caso de reincidir, la FIFA valorar\u00eda sanciones m\u00e1s duras para el <em>Tri<\/em>, mismas que podr\u00eda ser desde la disputa de partidos a puerta cerrada hasta el descuento de puntos en la clasificaci\u00f3n rumbo a Rusia 2018.<\/p>\n<p>&nbsp;<\/p>\n","protected":false},"excerpt":{"rendered":"<p>La Selecci\u00f3n Mexicana fue multada por s\u00e9ptima ocasiones por el grito \u00a1eehhh pu&#8230;!<\/p>\n","protected":false},"author":20,"featured_media":476195,"comment_status":"closed","ping_status":"closed","sticky":false,"template":"","format":"standard","meta":[],"categories":[5,3847],"tags":[361,65,2764],"_links":{"self":[{"href":"http:\/\/desarrollo.grupomedios.com\/futbol\/wp-json\/wp\/v2\/posts\/476187"}],"collection":[{"href":"http:\/\/desarrollo.grupomedios.com\/futbol\/wp-json\/wp\/v2\/posts"}],"about":[{"href":"http:\/\/desarrollo.grupomedios.com\/futbol\/wp-json\/wp\/v2\/types\/post"}],"author":[{"embeddable":true,"href":"http:\/\/desarrollo.grupomedios.com\/futbol\/wp-json\/wp\/v2\/users\/20"}],"replies":[{"embeddable":true,"href":"http:\/\/desarrollo.grupomedios.com\/futbol\/wp-json\/wp\/v2\/comments?post=476187"}],"version-history":[{"count":4,"href":"http:\/\/desarrollo.grupomedios.com\/futbol\/wp-json\/wp\/v2\/posts\/476187\/revisions"}],"predecessor-version":[{"id":476199,"href":"http:\/\/desarrollo.grupomedios.com\/futbol\/wp-json\/wp\/v2\/posts\/476187\/revisions\/476199"}],"wp:featuredmedia":[{"embeddable":true,"href":"http:\/\/desarrollo.grupomedios.com\/futbol\/wp-json\/wp\/v2\/media\/476195"}],"wp:attachment":[{"href":"http:\/\/desarrollo.grupomedios.com\/futbol\/wp-json\/wp\/v2\/media?parent=476187"}],"wp:term":[{"taxonomy":"category","embeddable":true,"href":"http:\/\/desarrollo.grupomedios.com\/futbol\/wp-json\/wp\/v2\/categories?post=476187"},{"taxonomy":"post_tag","embeddable":true,"href":"http:\/\/desarrollo.grupomedios.com\/futbol\/wp-json\/wp\/v2\/tags?post=476187"}],"curies":[{"name":"wp","href":"https:\/\/api.w.org\/{rel}","templated":true}]}}