{"id":476191,"date":"2017-04-27T11:46:50","date_gmt":"2017-04-27T16:46:50","guid":{"rendered":"https:\/\/www.futboltotal.com.mx\/?p=476191"},"modified":"2017-04-27T11:46:50","modified_gmt":"2017-04-27T16:46:50","slug":"jonathan-dos-santos-celebro-sus-27-bailando-papa-hermano","status":"publish","type":"post","link":"http:\/\/desarrollo.grupomedios.com\/futbol\/futbol-mexicano\/jonathan-dos-santos-celebro-sus-27-bailando-papa-hermano\/2017\/04","title":{"rendered":"Jonathan Dos Santos celebr\u00f3 sus 27 bailando con su pap\u00e1 y hermano"},"content":{"rendered":"<p>El volante <strong>Jonathan Dos Santos<\/strong>, futbolista del <strong>Villarreal<\/strong> y de la <strong>Selecci\u00f3n Mexicana<\/strong>, celebr\u00f3 sus 27 a\u00f1os de vida junto a sus seres queridos y quiso compartir su felicidad con\u00a0todos los usuarios de redes sociales que lo felicitaron.<\/p>\n<p>En Twitter, el menor de los Dos Santos public\u00f3 la frase &#8220;\u00a1Del tal palo, tal astilla! Empezando una nueva etapa (27) con los de siempre. Agradecido por las muestras de cari\u00f1o recibidas!&#8221;, acompa\u00f1ada de un video en el que aparece junto a su padre, el ex futbolista brasile\u00f1o <strong>Zizinho<\/strong>, y su hermano mayor <strong>\u00c9der<\/strong>, bailando al ritmo de reggaet\u00f3n.<\/p>\n<p>El tr\u00edo sac\u00f3 sus mejores pasos ante la c\u00e1mara e incluso presumi\u00f3 una coreograf\u00eda improvisada que acab\u00f3 con las risas de Jonathan, su padre y su hermano. El \u00fanico que no pudo estar presente en el festejo fue <strong>Giovani Dos Santos<\/strong>, quien se encuentra con el <strong>LA Galaxy<\/strong> disputando la actual temporada de la <strong>MLS<\/strong>.<\/p>\n<p>&nbsp;<\/p>\n<blockquote class=\"twitter-video\" data-lang=\"es\">\n<p dir=\"ltr\" lang=\"es\">&#x1f57a;&#x1f3ff;&#x1f57a;&#x1f3fe;&#x1f57a;&#x1f3fe;\u00a1Del tal palo, tal astilla!<br \/>\nEmpezando una nueva etapa (27) con los de siempre.<br \/>\nAgradecido por las muestras de cari\u00f1o recibidas! <a href=\"https:\/\/t.co\/F79NUd4pjZ\">pic.twitter.com\/F79NUd4pjZ<\/a><\/p>\n<p>\u2014 Jonathan Dos Santos (@jona2santos) <a href=\"https:\/\/twitter.com\/jona2santos\/status\/857349897955225602\">26 de abril de 2017<\/a><\/p><\/blockquote>\n<p><script async src=\"\/\/platform.twitter.com\/widgets.js\" charset=\"utf-8\"><\/script><\/p>\n","protected":false},"excerpt":{"rendered":"<p>Jonathan aparece en un video bailando junto a su padre y su hermano mayor.<\/p>\n","protected":false},"author":20,"featured_media":476193,"comment_status":"closed","ping_status":"closed","sticky":false,"template":"","format":"standard","meta":[],"categories":[5419,3839,2198,6718],"tags":[48,2607,8526],"_links":{"self":[{"href":"http:\/\/desarrollo.grupomedios.com\/futbol\/wp-json\/wp\/v2\/posts\/476191"}],"collection":[{"href":"http:\/\/desarrollo.grupomedios.com\/futbol\/wp-json\/wp\/v2\/posts"}],"about":[{"href":"http:\/\/desarrollo.grupomedios.com\/futbol\/wp-json\/wp\/v2\/types\/post"}],"author":[{"embeddable":true,"href":"http:\/\/desarrollo.grupomedios.com\/futbol\/wp-json\/wp\/v2\/users\/20"}],"replies":[{"embeddable":true,"href":"http:\/\/desarrollo.grupomedios.com\/futbol\/wp-json\/wp\/v2\/comments?post=476191"}],"version-history":[{"count":1,"href":"http:\/\/desarrollo.grupomedios.com\/futbol\/wp-json\/wp\/v2\/posts\/476191\/revisions"}],"predecessor-version":[{"id":476194,"href":"http:\/\/desarrollo.grupomedios.com\/futbol\/wp-json\/wp\/v2\/posts\/476191\/revisions\/476194"}],"wp:featuredmedia":[{"embeddable":true,"href":"http:\/\/desarrollo.grupomedios.com\/futbol\/wp-json\/wp\/v2\/media\/476193"}],"wp:attachment":[{"href":"http:\/\/desarrollo.grupomedios.com\/futbol\/wp-json\/wp\/v2\/media?parent=476191"}],"wp:term":[{"taxonomy":"category","embeddable":true,"href":"http:\/\/desarrollo.grupomedios.com\/futbol\/wp-json\/wp\/v2\/categories?post=476191"},{"taxonomy":"post_tag","embeddable":true,"href":"http:\/\/desarrollo.grupomedios.com\/futbol\/wp-json\/wp\/v2\/tags?post=476191"}],"curies":[{"name":"wp","href":"https:\/\/api.w.org\/{rel}","templated":true}]}}