{"id":476207,"date":"2017-04-27T12:49:20","date_gmt":"2017-04-27T17:49:20","guid":{"rendered":"https:\/\/www.futboltotal.com.mx\/?p=476207"},"modified":"2017-04-27T12:49:20","modified_gmt":"2017-04-27T17:49:20","slug":"liverpool-confirma-regreso-steven-gerrard","status":"publish","type":"post","link":"http:\/\/desarrollo.grupomedios.com\/futbol\/futbol-internacional\/liverpool-confirma-regreso-steven-gerrard\/2017\/04","title":{"rendered":"Liverpool confirma el regreso de Steven Gerrard"},"content":{"rendered":"<p>El Liverpool ha confirmado este jueves a Steven Gerrard, futbolista hist\u00f3rico del conjunto de Anfield, como entrenador titular de su equipo sub-18 a partir de la pr\u00f3xima temporada.<\/p>\n<p>Gerrard, de 36 a\u00f1os, lleva trabajando como t\u00e9cnico ayudante en las categor\u00edas inferiores del equipo ingl\u00e9s desde febrero, dos meses despu\u00e9s de colgar las botas, y el curso que viene se sentar\u00e1 por primera vez en el banquillo como entrenador.<\/p>\n<p style=\"text-align: center;\"><span style=\"color: #3366ff;\">VER M\u00c1S: Todas las noticias de futbol mexicano<\/span><\/p>\n<blockquote><p>&#8220;He disfrutado mucho mi tiempo en las categor\u00edas inferiores y siento que he aprendido mucho del cuerpo t\u00e9cnico actual. Despu\u00e9s de hablar con Alex (Inglethorpe, director de la Academy), creemos que ha llegado el momento de que d\u00e9 el paso siguiente y dirija mi propio equipo&#8221;, asegur\u00f3 Gerrard, en unas declaraciones a la p\u00e1gina web de los &#8216;Reds&#8217;.<\/p><\/blockquote>\n<p>El excapit\u00e1n del Liverpool y de la selecci\u00f3n de Inglaterra, que debut\u00f3 con el equipo de Anfield en 1998, en el que jug\u00f3 17 temporadas, rechaz\u00f3 el pasado a\u00f1o una oferta para tomar las riendas del Milton Keynes Dons, conjunto de la League Two, cuarta divisi\u00f3n inglesa.<\/p>\n<blockquote class=\"twitter-video\" data-lang=\"es\">\n<p dir=\"ltr\" lang=\"en\">&#8220;I&#8217;m really excited and looking forward to it.&#8221;<\/p>\n<p>Watch the exclusive interview with Steven Gerrard on his new role: <a href=\"https:\/\/t.co\/gLOiFLfdlj\">https:\/\/t.co\/gLOiFLfdlj<\/a> <a href=\"https:\/\/t.co\/9j6GAPm9Bz\">pic.twitter.com\/9j6GAPm9Bz<\/a><\/p>\n<p>\u2014 Liverpool FC (@LFC) <a href=\"https:\/\/twitter.com\/LFC\/status\/857625404936396800\">27 de abril de 2017<\/a><\/p><\/blockquote>\n<p><script async src=\"\/\/platform.twitter.com\/widgets.js\" charset=\"utf-8\"><\/script><\/p>\n<p>La llegada del hist\u00f3rico futbolista al equipo sub-18 har\u00e1 que el actual t\u00e9cnico, Neil Critchley, pase a dirigir el conjunto sub-23. Por su parte, el entrenador del sub-23, Mike Garrity, se incorporar\u00e1 al cuerpo t\u00e9cnico de Critchley a partir del curso que viene.<\/p>\n<blockquote><p>&#8220;Neil ha hecho un trabajo fabuloso con el sub-18 y espero que pueda continuar todo lo que \u00e9l hizo, alentando y ayudando a los futbolistas a que lleguen al sub-23 y de ah\u00ed al primer equipo&#8221;, dijo Gerrard.<\/p><\/blockquote>\n<p>El excentrocampista disput\u00f3 710 encuentros en su carrera con los &#8216;Reds&#8217;, con los que levant\u00f3 diez t\u00edtulos: una Copa de la UEFA, dos Supercopas de Europa, dos Copas de Inglaterra (FA Cup), tres Copas de la Liga y una Community Shield, adem\u00e1s de la Liga de Campeones, conquistada en 2005, en la ya c\u00e9lebre noche de Estambul, en la que el conjunto ingl\u00e9s le remont\u00f3 tres goles al Mil\u00e1n de Carlo Ancelotti.<\/p>\n<blockquote><p>&#8220;Steven ha aportado much\u00edsima experiencia y conocimiento desde que se incorpor\u00f3 a la cantera, y ha dado consejos muy v\u00e1lidos y \u00fatiles a los jugadores m\u00e1s j\u00f3venes. Creemos que ha llegado el momento indicado para que d\u00e9 el paso siguiente en su carrera como entrenador y dirija su propio equipo&#8221;, afirm\u00f3 Alex Inglethorpe, director de la cantera &#8216;Red&#8217;.<\/p>\n<p>&#8220;Los sub-18 aprender\u00e1n much\u00edsimo con alguien como Steven y no tengo ninguna duda de que tendr\u00e1 mucho \u00e9xito en su nuevo rol&#8221;, apunt\u00f3 Inglethorpe.<\/p><\/blockquote>\n","protected":false},"excerpt":{"rendered":"<p>El legendario mediocampista asumir\u00e1 la direcci\u00f3n t\u00e9cnica de las fuerzas b\u00e1sicas.<\/p>\n","protected":false},"author":20,"featured_media":476209,"comment_status":"closed","ping_status":"closed","sticky":false,"template":"","format":"standard","meta":[],"categories":[3839,3846],"tags":[5989,560],"_links":{"self":[{"href":"http:\/\/desarrollo.grupomedios.com\/futbol\/wp-json\/wp\/v2\/posts\/476207"}],"collection":[{"href":"http:\/\/desarrollo.grupomedios.com\/futbol\/wp-json\/wp\/v2\/posts"}],"about":[{"href":"http:\/\/desarrollo.grupomedios.com\/futbol\/wp-json\/wp\/v2\/types\/post"}],"author":[{"embeddable":true,"href":"http:\/\/desarrollo.grupomedios.com\/futbol\/wp-json\/wp\/v2\/users\/20"}],"replies":[{"embeddable":true,"href":"http:\/\/desarrollo.grupomedios.com\/futbol\/wp-json\/wp\/v2\/comments?post=476207"}],"version-history":[{"count":1,"href":"http:\/\/desarrollo.grupomedios.com\/futbol\/wp-json\/wp\/v2\/posts\/476207\/revisions"}],"predecessor-version":[{"id":476210,"href":"http:\/\/desarrollo.grupomedios.com\/futbol\/wp-json\/wp\/v2\/posts\/476207\/revisions\/476210"}],"wp:featuredmedia":[{"embeddable":true,"href":"http:\/\/desarrollo.grupomedios.com\/futbol\/wp-json\/wp\/v2\/media\/476209"}],"wp:attachment":[{"href":"http:\/\/desarrollo.grupomedios.com\/futbol\/wp-json\/wp\/v2\/media?parent=476207"}],"wp:term":[{"taxonomy":"category","embeddable":true,"href":"http:\/\/desarrollo.grupomedios.com\/futbol\/wp-json\/wp\/v2\/categories?post=476207"},{"taxonomy":"post_tag","embeddable":true,"href":"http:\/\/desarrollo.grupomedios.com\/futbol\/wp-json\/wp\/v2\/tags?post=476207"}],"curies":[{"name":"wp","href":"https:\/\/api.w.org\/{rel}","templated":true}]}}