{"id":476213,"date":"2017-04-27T13:31:23","date_gmt":"2017-04-27T18:31:23","guid":{"rendered":"https:\/\/www.futboltotal.com.mx\/?p=476213"},"modified":"2017-04-27T13:31:23","modified_gmt":"2017-04-27T18:31:23","slug":"fe-erratas-transmision-final-conchampions-no-tuvo-fallas-twitter","status":"publish","type":"post","link":"http:\/\/desarrollo.grupomedios.com\/futbol\/futbol-internacional\/fe-erratas-transmision-final-conchampions-no-tuvo-fallas-twitter\/2017\/04","title":{"rendered":"Transmisi\u00f3n de la final de Conchampions no tuvo fallas en Twitter"},"content":{"rendered":"<p>Previo\u00a0a la final de la <strong>Concacaf Liga Campeones<\/strong>, tambi\u00e9n llamada <strong>Concachampions<\/strong>, en su edici\u00f3n 2016-2017 disputada entre <strong>Pachuca<\/strong> y <strong>Tigres<\/strong>, <strong>Twitter<\/strong> y <strong>Concacaf<\/strong> anunciaron una alianza para transmitir este partido, el primer campeonato mundial que se puede ver en vivo por medio de la red social.<\/p>\n<p>Sin embargo, una vez que se disputaba el juego varios usuarios mexicanos manifestaron su molestia por no poder ver la se\u00f1al en <strong>Twitter<\/strong>, esto ante una confusi\u00f3n, pues previamente se anunci\u00f3 que el streaming de la final <strong>s\u00f3lo estar\u00eda disponible para Estados Unidos, Canad\u00e1 y zonas fuera de Am\u00e9rica Latina.<\/strong><\/p>\n<p>En Futbol Total el 26 de abril publicamos un art\u00edculo\u00a0mencionando que hubo fallas en la transmisi\u00f3n de Twitter durante la final de Concachampions; por ello,\u00a0publicamos esta <strong>Fe de Erratas<\/strong>\u00a0ya que simplemente los usuarios que se encontraban en territorio mexicano,\u00a0quienes manifestaron su descontento, no estaban informados de la disponibilidad del servicio, el cual no present\u00f3 falla alguna durante el partido.<\/p>\n","protected":false},"excerpt":{"rendered":"<p>La final s\u00f3lo estuvo disponible para Estados Unidos, Canad\u00e1 y fuera de Am\u00e9rica Latina.<\/p>\n","protected":false},"author":20,"featured_media":476093,"comment_status":"closed","ping_status":"closed","sticky":false,"template":"","format":"standard","meta":[],"categories":[5419,5398,3839],"tags":[282,3182,5968,5973,584],"_links":{"self":[{"href":"http:\/\/desarrollo.grupomedios.com\/futbol\/wp-json\/wp\/v2\/posts\/476213"}],"collection":[{"href":"http:\/\/desarrollo.grupomedios.com\/futbol\/wp-json\/wp\/v2\/posts"}],"about":[{"href":"http:\/\/desarrollo.grupomedios.com\/futbol\/wp-json\/wp\/v2\/types\/post"}],"author":[{"embeddable":true,"href":"http:\/\/desarrollo.grupomedios.com\/futbol\/wp-json\/wp\/v2\/users\/20"}],"replies":[{"embeddable":true,"href":"http:\/\/desarrollo.grupomedios.com\/futbol\/wp-json\/wp\/v2\/comments?post=476213"}],"version-history":[{"count":1,"href":"http:\/\/desarrollo.grupomedios.com\/futbol\/wp-json\/wp\/v2\/posts\/476213\/revisions"}],"predecessor-version":[{"id":476219,"href":"http:\/\/desarrollo.grupomedios.com\/futbol\/wp-json\/wp\/v2\/posts\/476213\/revisions\/476219"}],"wp:featuredmedia":[{"embeddable":true,"href":"http:\/\/desarrollo.grupomedios.com\/futbol\/wp-json\/wp\/v2\/media\/476093"}],"wp:attachment":[{"href":"http:\/\/desarrollo.grupomedios.com\/futbol\/wp-json\/wp\/v2\/media?parent=476213"}],"wp:term":[{"taxonomy":"category","embeddable":true,"href":"http:\/\/desarrollo.grupomedios.com\/futbol\/wp-json\/wp\/v2\/categories?post=476213"},{"taxonomy":"post_tag","embeddable":true,"href":"http:\/\/desarrollo.grupomedios.com\/futbol\/wp-json\/wp\/v2\/tags?post=476213"}],"curies":[{"name":"wp","href":"https:\/\/api.w.org\/{rel}","templated":true}]}}