{"id":476221,"date":"2017-04-27T14:42:27","date_gmt":"2017-04-27T19:42:27","guid":{"rendered":"https:\/\/www.futboltotal.com.mx\/?p=476221"},"modified":"2017-04-27T14:42:27","modified_gmt":"2017-04-27T19:42:27","slug":"radamel-falcao-refuerzo-pachuca-mundial-clubes","status":"publish","type":"post","link":"http:\/\/desarrollo.grupomedios.com\/futbol\/futbol-internacional\/radamel-falcao-refuerzo-pachuca-mundial-clubes\/2017\/04","title":{"rendered":"Radamel Falcao \u00bfrefuerzo de Pachuca para Mundial de Clubes?"},"content":{"rendered":"<p>El<strong> Pachuca<\/strong> consigui\u00f3 por quinta ocasi\u00f3n el pase al Mundial de Clubes de la FIFA, tras pegarle 1-0 a Tigres en el Estadio Hidalgo. Los <em>Tuzos<\/em> estar\u00e1n en Emiratos \u00c1rabes Unidos el pr\u00f3ximo mes de diciembre en busca de un hito: ser el primer club mexicano que consigue. Para conseguirlo necesitar\u00e1n jugar con los mejores y, adem\u00e1s, retocar la plantilla.<\/p>\n<p><strong>Pachuca<\/strong> buscar\u00e1 en Europa al refuerzo estelar y es uno de los jugadores de \u00e9lite que disputar\u00e1 las semifinales de la Champions League 2016-17, seg\u00fan inform\u00f3 el periodista Rafa Ramos de la cadena <em>ESPN<\/em>, quien\u00a0cit\u00f3 informaci\u00f3n de la\u00a0conductora Elizabeth Pati\u00f1o del programa <em>Claro Soy Tuzo.\u00a0<\/em><\/p>\n<p style=\"text-align: center;\"><span style=\"color: #3366ff;\">VER M\u00c1S: Todas las noticias de futbol internacional <\/span><\/p>\n<blockquote class=\"twitter-tweet\" data-lang=\"es\">\n<p dir=\"ltr\" lang=\"es\">Asegura <a href=\"https:\/\/twitter.com\/Eli_Pato\">@Eli_Pato<\/a> que el refuerzo estelar de <a href=\"https:\/\/twitter.com\/Tuzos\">@Tuzos<\/a> para la Copa Mundial de Clubes jugar\u00e1 una de las semifinales de la <a href=\"https:\/\/twitter.com\/ChampionsLeague\">@ChampionsLeague<\/a><\/p>\n<p>\u2014 Rafael Ramos (@rafaramosESPN) <a href=\"https:\/\/twitter.com\/rafaramosESPN\/status\/857602221952745473\">27 de abril de 2017<\/a><\/p><\/blockquote>\n<p><script async src=\"\/\/platform.twitter.com\/widgets.js\" charset=\"utf-8\"><\/script><\/p>\n<p>Los cuatro clubes que disputan las semifinales son el Real Madrid, el Atl\u00e9tico de Madrid, Juventus y M\u00f3naco.<\/p>\n<p>Si los <em>Tuzos\u00a0<\/em>buscan engrosar la plantilla\u00a0ser\u00eda con un delantero. Y es que al margen de las contrataciones que haga el equipo para el pr\u00f3ximo semestre, para el<em> Mundialito<\/em>\u00a0perder\u00edan al extremo Hirving Lozano, que ser\u00eda traspasado a Europa y cuya participaci\u00f3n ve m\u00e1s que complicada el presidente de la entidad Jes\u00fas Mart\u00ednez.<\/p>\n<p>De ah\u00ed que haya comenzado a especularse con un posible intento del Pachuca por contar nada menos que con el delantero colombiano<strong> Radamel Falcao<\/strong>, quien pese a no compartir la misma posici\u00f3n que Lozano, ha sido colocado en la \u00f3rbita hidalguense al mantener una buena relaci\u00f3n con Andr\u00e9s Chitiva, exjugador del club y quien actualmente visor de Fuerzas B\u00e1sicas.<\/p>\n<p>&nbsp;<\/p>\n<p>&nbsp;<\/p>\n","protected":false},"excerpt":{"rendered":"<p>Los Tuzos buscar\u00edan un refuerzo de lujo entre los cuatro semifinalistas de la UCL. <\/p>\n","protected":false},"author":20,"featured_media":476238,"comment_status":"closed","ping_status":"closed","sticky":false,"template":"","format":"standard","meta":[],"categories":[5398,3839],"tags":[5968,652],"_links":{"self":[{"href":"http:\/\/desarrollo.grupomedios.com\/futbol\/wp-json\/wp\/v2\/posts\/476221"}],"collection":[{"href":"http:\/\/desarrollo.grupomedios.com\/futbol\/wp-json\/wp\/v2\/posts"}],"about":[{"href":"http:\/\/desarrollo.grupomedios.com\/futbol\/wp-json\/wp\/v2\/types\/post"}],"author":[{"embeddable":true,"href":"http:\/\/desarrollo.grupomedios.com\/futbol\/wp-json\/wp\/v2\/users\/20"}],"replies":[{"embeddable":true,"href":"http:\/\/desarrollo.grupomedios.com\/futbol\/wp-json\/wp\/v2\/comments?post=476221"}],"version-history":[{"count":1,"href":"http:\/\/desarrollo.grupomedios.com\/futbol\/wp-json\/wp\/v2\/posts\/476221\/revisions"}],"predecessor-version":[{"id":476240,"href":"http:\/\/desarrollo.grupomedios.com\/futbol\/wp-json\/wp\/v2\/posts\/476221\/revisions\/476240"}],"wp:featuredmedia":[{"embeddable":true,"href":"http:\/\/desarrollo.grupomedios.com\/futbol\/wp-json\/wp\/v2\/media\/476238"}],"wp:attachment":[{"href":"http:\/\/desarrollo.grupomedios.com\/futbol\/wp-json\/wp\/v2\/media?parent=476221"}],"wp:term":[{"taxonomy":"category","embeddable":true,"href":"http:\/\/desarrollo.grupomedios.com\/futbol\/wp-json\/wp\/v2\/categories?post=476221"},{"taxonomy":"post_tag","embeddable":true,"href":"http:\/\/desarrollo.grupomedios.com\/futbol\/wp-json\/wp\/v2\/tags?post=476221"}],"curies":[{"name":"wp","href":"https:\/\/api.w.org\/{rel}","templated":true}]}}