{"id":476230,"date":"2017-04-27T14:59:39","date_gmt":"2017-04-27T19:59:39","guid":{"rendered":"https:\/\/www.futboltotal.com.mx\/?p=476230"},"modified":"2017-04-27T14:59:39","modified_gmt":"2017-04-27T19:59:39","slug":"ex-futbolista-del-monterrey-trollea-a-gignac-tigres","status":"publish","type":"post","link":"http:\/\/desarrollo.grupomedios.com\/futbol\/futbol-internacional\/ex-futbolista-del-monterrey-trollea-a-gignac-tigres\/2017\/04","title":{"rendered":"Ex futbolista del Monterrey trollea a Gignac y Tigres"},"content":{"rendered":"<p>La derrota de los <strong>Tigres<\/strong> en la final de la <strong>Concacaf Liga Campeones<\/strong>, a manos del <strong>Pachuca<\/strong> ha causado que en las redes sociales se den m\u00faltiples burlas contra los\u00a0subcampeones de la <strong>Concachampions<\/strong>.<\/p>\n<p>Entre todas las personas que no paran de trollear al cuadro de la UANL, est\u00e1 un ex jugador del <strong>Monterrey<\/strong>, el odiado rival de los felinos. Se trata de <strong>Alejandro Dautt<\/strong>, sobrino del ya retirado guardameta Oscar Dautt.<\/p>\n<p>Dautt, como cualquier usuario de Twitter, decidi\u00f3 ser parte de las cr\u00edticas contra los felinos, espec\u00edficamente sobre Gignac por no haber logrado a\u00fan un solo t\u00edtulo de Concacaf.<\/p>\n<p style=\"text-align: center;\"><span style=\"color: #333399;\"><a style=\"color: #333399;\" href=\"https:\/\/www.futboltotal.com.mx\/2017\/04\/chucky-lozano-jugaria-mundial-clubes-pachuca\/\">VER M\u00c1S: Chucky Lozano no jugar\u00eda el Mundial de Clubes con Pachuca<\/a><\/span><\/p>\n<p>&#8220;La verdad no jugu\u00e9 ning\u00fan pinche minuto pero por ah\u00ed tengo m\u00e1s medallas de CancaChafa que Gignac&#8221;, fue el mensaje que puso Alejandro, quien hace a\u00f1os fue parte del plantel de Rayados, pero no logr\u00f3 igualar los pasos de su t\u00edo.<\/p>\n<p>&nbsp;<\/p>\n<blockquote class=\"twitter-tweet\" data-lang=\"es\">\n<p dir=\"ltr\" lang=\"es\">La verdad no jugu\u00e9 ning\u00fan pinche minuto pero por ah\u00ed tengo m\u00e1s medallas de ConcaChafa que Gignac<\/p>\n<p>\u2014 Alejandro Dautt R. (@aDautt32) <a href=\"https:\/\/twitter.com\/aDautt32\/status\/857442502349119488\">27 de abril de 2017<\/a><\/p><\/blockquote>\n<p><script async src=\"\/\/platform.twitter.com\/widgets.js\" charset=\"utf-8\"><\/script><\/p>\n<p style=\"text-align: center;\"><span style=\"color: #333399;\"><a style=\"color: #333399;\" href=\"https:\/\/www.futboltotal.com.mx\/2017\/04\/radamel-falcao-refuerzo-pachuca-mundial-clubes\/\">VER M\u00c1S: Radamel Falcao, \u00bfrefuerzo de Pachuca para Mundial de Clubes?<\/a><\/span><\/p>\n<p>Las cr\u00edticas de otros usuarios no tardaron y atacaron a Dautt al mencionarle que no ten\u00eda m\u00e9ritos deportivos para criticar a Gignac, pero el ex de Rayados se defendi\u00f3 con frases como esta: &#8220;No Jugu\u00e9 carnal pero tengo las medallas, y tu jugaste? O por que esa respuesta?&#8221;.<\/p>\n","protected":false},"excerpt":{"rendered":"<p>El ex de Rayados decidi\u00f3 ser parte de las cr\u00edticas contra los felinos y Gignac.<\/p>\n","protected":false},"author":20,"featured_media":469816,"comment_status":"closed","ping_status":"closed","sticky":false,"template":"","format":"standard","meta":[],"categories":[5419,5398,3839],"tags":[282,8527,3182,5430,64,5966,5973],"_links":{"self":[{"href":"http:\/\/desarrollo.grupomedios.com\/futbol\/wp-json\/wp\/v2\/posts\/476230"}],"collection":[{"href":"http:\/\/desarrollo.grupomedios.com\/futbol\/wp-json\/wp\/v2\/posts"}],"about":[{"href":"http:\/\/desarrollo.grupomedios.com\/futbol\/wp-json\/wp\/v2\/types\/post"}],"author":[{"embeddable":true,"href":"http:\/\/desarrollo.grupomedios.com\/futbol\/wp-json\/wp\/v2\/users\/20"}],"replies":[{"embeddable":true,"href":"http:\/\/desarrollo.grupomedios.com\/futbol\/wp-json\/wp\/v2\/comments?post=476230"}],"version-history":[{"count":1,"href":"http:\/\/desarrollo.grupomedios.com\/futbol\/wp-json\/wp\/v2\/posts\/476230\/revisions"}],"predecessor-version":[{"id":476251,"href":"http:\/\/desarrollo.grupomedios.com\/futbol\/wp-json\/wp\/v2\/posts\/476230\/revisions\/476251"}],"wp:featuredmedia":[{"embeddable":true,"href":"http:\/\/desarrollo.grupomedios.com\/futbol\/wp-json\/wp\/v2\/media\/469816"}],"wp:attachment":[{"href":"http:\/\/desarrollo.grupomedios.com\/futbol\/wp-json\/wp\/v2\/media?parent=476230"}],"wp:term":[{"taxonomy":"category","embeddable":true,"href":"http:\/\/desarrollo.grupomedios.com\/futbol\/wp-json\/wp\/v2\/categories?post=476230"},{"taxonomy":"post_tag","embeddable":true,"href":"http:\/\/desarrollo.grupomedios.com\/futbol\/wp-json\/wp\/v2\/tags?post=476230"}],"curies":[{"name":"wp","href":"https:\/\/api.w.org\/{rel}","templated":true}]}}