{"id":476239,"date":"2017-04-27T14:57:02","date_gmt":"2017-04-27T19:57:02","guid":{"rendered":"https:\/\/www.futboltotal.com.mx\/?p=476239"},"modified":"2017-04-27T14:57:02","modified_gmt":"2017-04-27T19:57:02","slug":"nike-rinde-tributo-a-totti-una-edicion-especial-tiempo","status":"publish","type":"post","link":"http:\/\/desarrollo.grupomedios.com\/futbol\/futbol-internacional\/nike-rinde-tributo-a-totti-una-edicion-especial-tiempo\/2017\/04","title":{"rendered":"Nike rinde tributo a Totti con una edici\u00f3n especial de Tiempo"},"content":{"rendered":"<p>Francesco Totti ha sido reconocido en m\u00e1s de una ocasi\u00f3n como el m\u00e1ximo s\u00edmbolo de la Roma. Para reconocer su legendaria trayectoria en La Loba, Nike ha lanzado unas botas de edici\u00f3n limitada.<\/p>\n<p>Tiempo Totti X Roma es el calzado que la marca cre\u00f3 para celebrar la carrera del eterno capit\u00e1n romano, distinguido, adem\u00e1s de por su calidad, por el amor y lealtad que ha mantenido a su escuadra durante m\u00e1s de 25 a\u00f1os.<\/p>\n<blockquote class=\"twitter-tweet\" data-lang=\"es\">\n<p dir=\"ltr\" lang=\"es\">Incre\u00edbles los Tiempo de <a href=\"https:\/\/twitter.com\/nikemexico\">@nikemexico<\/a> para conmemorar los 25 a\u00f1os de carrera del eterno <a href=\"https:\/\/twitter.com\/Totti\">@Totti<\/a>! S\u00f3lo 2,500 pares: 100 por temporada. <a href=\"https:\/\/t.co\/ATRO3K6vLv\">pic.twitter.com\/ATRO3K6vLv<\/a><\/p>\n<p>\u2014 Eduardo Venegas (@El__Venegas) <a href=\"https:\/\/twitter.com\/El__Venegas\/status\/857683271727153152\">27 de abril de 2017<\/a><\/p><\/blockquote>\n<p><script async src=\"\/\/platform.twitter.com\/widgets.js\" charset=\"utf-8\"><\/script><\/p>\n<p><em>Il Capitano<\/em> es el mote con el que Totti es venerado en la capital de Italia desde que se comenz\u00f3 a portar el gafete de capit\u00e1n, en la campa\u00f1a 1998-89.<\/p>\n<p>Acerca del espectacular dise\u00f1o de sus botas, el 10 Romano explic\u00f3: \u201cCunado pens\u00e9 en el calzado ideal para reflejar los 25 a\u00f1os de mi carrera, inmediatamente pens\u00e9 en oro. Esta bota ten\u00eda que representar todos mis valores: mi familia, AS Roma y la ciudad de Roma\u201d, y a\u00f1adi\u00f3: \u201cNike entendi\u00f3 inmediatamente c\u00f3mo crear estas botas\u201d.<\/p>\n<div id=\"galleryLOK\" style=\"display:none;\"><img alt=\"\" src=\"http:\/\/desarrollo.grupomedios.com\/futbol\/wp-content\/uploads\/2017\/04\/Totti.jpg\" data-image=\"http:\/\/desarrollo.grupomedios.com\/futbol\/wp-content\/uploads\/2017\/04\/Totti.jpg\" data-description=\"Totti\"><img alt=\"\" src=\"http:\/\/desarrollo.grupomedios.com\/futbol\/wp-content\/uploads\/2017\/04\/Totti1.jpg\" data-image=\"http:\/\/desarrollo.grupomedios.com\/futbol\/wp-content\/uploads\/2017\/04\/Totti1.jpg\" data-description=\"Totti1\"><img alt=\"\" src=\"http:\/\/desarrollo.grupomedios.com\/futbol\/wp-content\/uploads\/2017\/04\/Totti2.jpg\" data-image=\"http:\/\/desarrollo.grupomedios.com\/futbol\/wp-content\/uploads\/2017\/04\/Totti2.jpg\" data-description=\"Totti2\"><img alt=\"\" src=\"http:\/\/desarrollo.grupomedios.com\/futbol\/wp-content\/uploads\/2017\/04\/Totti3.jpg\" data-image=\"http:\/\/desarrollo.grupomedios.com\/futbol\/wp-content\/uploads\/2017\/04\/Totti3.jpg\" data-description=\"Totti3\"><img alt=\"\" src=\"http:\/\/desarrollo.grupomedios.com\/futbol\/wp-content\/uploads\/2017\/04\/Totti4.jpg\" data-image=\"http:\/\/desarrollo.grupomedios.com\/futbol\/wp-content\/uploads\/2017\/04\/Totti4.jpg\" data-description=\"Totti4\"><\/div>\n        <script>\n        \/\/galeria 1\n        jQuery(document).ready(function(){ \n            var api;\n            api = jQuery(\"#galleryLOK\").unitegallery({\n                carousel_autoplay: false\n            }); \n        });\n        <\/script>\n        \n<p>La edici\u00f3n del calzado ser\u00e1 de solo 2,500 pares numerados individualmente, 100 por cada una de las 25 campa\u00f1as de <em>Il Capitano<\/em> como profesional.<\/p>\n<p>Entre otros detalles, la parte interior de la leng\u00fceta alargada aparece la palabra \u201cAeterno\u201d, y la exterior presenta el n\u00famero romano \u201cX\u201d, en referencia al dorsal de Totti y a la historia de la Ciudad Eterna.<\/p>\n<p><a href=\"https:\/\/www.futboltotal.com.mx\/2017\/03\/nike-rinde-tributo-a-los-modelos-representativos-air-max\/\" target=\"_blank\"><span style=\"color: #3366ff;\"><strong>LEER M\u00c1S: Nike rinde tributo a los modelos m\u00e1s representativos de Air Max<\/strong><\/span><\/a><\/p>\n<p>La edici\u00f3n Tiempo Totti X Roma est\u00e1 disponible en <a href=\"http:\/\/www.nike.com\/mx\/es_la\/\" target=\"_blank\"><span style=\"color: #3366ff;\"><strong>nike.com<\/strong><\/span><\/a><\/p>\n<p><a href=\"https:\/\/twitter.com\/MXFutbolTotal\" target=\"_blank\"><span style=\"color: #3366ff;\"><strong>S\u00edguenos en Twitter: @MXFutbolTotal<\/strong><\/span><\/a><\/p>\n","protected":false},"excerpt":{"rendered":"<p>Nike dise\u00f1\u00f3 estas botas para conmemorar los 25 a\u00f1os de Totti con su club.<\/p>\n","protected":false},"author":20,"featured_media":476242,"comment_status":"closed","ping_status":"closed","sticky":false,"template":"","format":"standard","meta":[],"categories":[5419,3839,3848],"tags":[2618,2619,377,8370,320,5958,3472],"_links":{"self":[{"href":"http:\/\/desarrollo.grupomedios.com\/futbol\/wp-json\/wp\/v2\/posts\/476239"}],"collection":[{"href":"http:\/\/desarrollo.grupomedios.com\/futbol\/wp-json\/wp\/v2\/posts"}],"about":[{"href":"http:\/\/desarrollo.grupomedios.com\/futbol\/wp-json\/wp\/v2\/types\/post"}],"author":[{"embeddable":true,"href":"http:\/\/desarrollo.grupomedios.com\/futbol\/wp-json\/wp\/v2\/users\/20"}],"replies":[{"embeddable":true,"href":"http:\/\/desarrollo.grupomedios.com\/futbol\/wp-json\/wp\/v2\/comments?post=476239"}],"version-history":[{"count":1,"href":"http:\/\/desarrollo.grupomedios.com\/futbol\/wp-json\/wp\/v2\/posts\/476239\/revisions"}],"predecessor-version":[{"id":476250,"href":"http:\/\/desarrollo.grupomedios.com\/futbol\/wp-json\/wp\/v2\/posts\/476239\/revisions\/476250"}],"wp:featuredmedia":[{"embeddable":true,"href":"http:\/\/desarrollo.grupomedios.com\/futbol\/wp-json\/wp\/v2\/media\/476242"}],"wp:attachment":[{"href":"http:\/\/desarrollo.grupomedios.com\/futbol\/wp-json\/wp\/v2\/media?parent=476239"}],"wp:term":[{"taxonomy":"category","embeddable":true,"href":"http:\/\/desarrollo.grupomedios.com\/futbol\/wp-json\/wp\/v2\/categories?post=476239"},{"taxonomy":"post_tag","embeddable":true,"href":"http:\/\/desarrollo.grupomedios.com\/futbol\/wp-json\/wp\/v2\/tags?post=476239"}],"curies":[{"name":"wp","href":"https:\/\/api.w.org\/{rel}","templated":true}]}}