{"id":476249,"date":"2017-04-27T19:05:10","date_gmt":"2017-04-28T00:05:10","guid":{"rendered":"https:\/\/www.futboltotal.com.mx\/?p=476249"},"modified":"2017-04-27T19:05:10","modified_gmt":"2017-04-28T00:05:10","slug":"corren-whats-app-insultos-a-jugador-jaguares","status":"publish","type":"post","link":"http:\/\/desarrollo.grupomedios.com\/futbol\/futbol-mexicano\/corren-whats-app-insultos-a-jugador-jaguares\/2017\/04","title":{"rendered":"Corren por what&#8217;s app y con insultos a jugador de Jaguares"},"content":{"rendered":"<p>La directiva y el cuerpo t\u00e9cnico de <em>Jaguares<\/em><strong> de Chiapas<\/strong> est\u00e1n envueltos en una nuevo esc\u00e1ndalo. Y es que decidieron separar del plantel al brasile\u00f1o de Jaguares, Mateus Gon\u00e7alves, mediante mensajes v\u00eda what&#8217;s app y a punta de insultos.<\/p>\n<p>Todo comenz\u00f3 porque el delantero, de 22 a\u00f1os, no se present\u00f3 a una firma de aut\u00f3grafos del equipo el pasado 19 de abril, debido a que no recibi\u00f3 una notificaci\u00f3n previa y, ante ello, decidi\u00f3 acudi\u00f3 con normalidad a recibir terapia para tratarse de una lesi\u00f3n.<\/p>\n<p style=\"text-align: center;\"><span style=\"color: #3366ff;\">VER M\u00c1S: Todas las noticias de futbol mexicano<\/span><\/p>\n<blockquote><p>\u201cA la firma de aut\u00f3grafos, yo no estaba citado, tengo la lista y no estaba citado, la firma era como las 4 de la tarde y las 3:45 la directiva me mand\u00f3 un mensaje diciendo que yo ten\u00eda que ir a la firma, pero yo estaba en el tratamiento de mi pie&#8221;, dijo Gon\u00e7alves en entrevista para<em> ESPN.<\/em><\/p>\n<p>&#8220;Sergio Bueno llam\u00f3 al doctor para decirle que ten\u00eda que ir. Me molest\u00e9 por la mala organizaci\u00f3n. Y despu\u00e9s lleg\u00f3 Bueno sin educaci\u00f3n y me dijo: \u2018mira pinch\u2026 pend\u2026 de mierd\u2026est\u00fapid\u2026 debes cumplir con tus obligaciones&#8221;.<\/p><\/blockquote>\n<p>Pese a la molestia por el trato, Gon\u00e7alves explic\u00f3 a Bueno que el club lo notific\u00f3 y por ello decidi\u00f3 ir con normalidad a terapia. Sin embargo al estratega no le import\u00f3 y lo ech\u00f3 del plantel con insultos.<\/p>\n<blockquote><p>&#8220;Ac\u00e1 mando yo, agarras tus cositas y vete a la verg\u2026 Por ese motivo estoy separado del equipo y no puedo entrar al estadio a hacer mis terapias&#8221;.<\/p><\/blockquote>\n<p>Tras el incidente el jugador fue notificado por Diego Vel\u00e1zquez, integrante de la directiva, que ya no era jugador de Jaguares de Chiapas.<\/p>\n<p>Gon\u00e7alves tambi\u00e9n revel\u00f3 que en Jaguares hay mala gesti\u00f3n y Bueno tiene totalmente roto el vestidor por su mala relaci\u00f3n con los jugadores. Eso sin contar que la directiva no ha querido hablar con su representante Jailton Oliveira, quien lo \u00fanico que busca es que el club cumpla con sus obligaciones y pague al jugador &#8220;el dinero gastado en el\u00a0tratamiento, dado que en el club no hay medicamentos&#8221;.<\/p>\n<blockquote><p>&#8220;Bueno est\u00e1 peleado con 9 o 10 compa\u00f1eros, el equipo se ve desmotivado, pelea con todos e insulta, la relaci\u00f3n con los jugadores es muy mala. Ninguno contesta, solo rechazan las llamadas, rechazan WhatsApp, mails y no quieren platicar con mi representante&#8221;, acot\u00f3.<\/p><\/blockquote>\n","protected":false},"excerpt":{"rendered":"<p>El delantero brasile\u00f1o revel\u00f3 c\u00f3mo fue tratado por la directiva y cuerpo t\u00e9cnico del equipo. <\/p>\n","protected":false},"author":20,"featured_media":476285,"comment_status":"closed","ping_status":"closed","sticky":false,"template":"","format":"standard","meta":[],"categories":[2198,3845],"tags":[5964,4303],"_links":{"self":[{"href":"http:\/\/desarrollo.grupomedios.com\/futbol\/wp-json\/wp\/v2\/posts\/476249"}],"collection":[{"href":"http:\/\/desarrollo.grupomedios.com\/futbol\/wp-json\/wp\/v2\/posts"}],"about":[{"href":"http:\/\/desarrollo.grupomedios.com\/futbol\/wp-json\/wp\/v2\/types\/post"}],"author":[{"embeddable":true,"href":"http:\/\/desarrollo.grupomedios.com\/futbol\/wp-json\/wp\/v2\/users\/20"}],"replies":[{"embeddable":true,"href":"http:\/\/desarrollo.grupomedios.com\/futbol\/wp-json\/wp\/v2\/comments?post=476249"}],"version-history":[{"count":1,"href":"http:\/\/desarrollo.grupomedios.com\/futbol\/wp-json\/wp\/v2\/posts\/476249\/revisions"}],"predecessor-version":[{"id":476286,"href":"http:\/\/desarrollo.grupomedios.com\/futbol\/wp-json\/wp\/v2\/posts\/476249\/revisions\/476286"}],"wp:featuredmedia":[{"embeddable":true,"href":"http:\/\/desarrollo.grupomedios.com\/futbol\/wp-json\/wp\/v2\/media\/476285"}],"wp:attachment":[{"href":"http:\/\/desarrollo.grupomedios.com\/futbol\/wp-json\/wp\/v2\/media?parent=476249"}],"wp:term":[{"taxonomy":"category","embeddable":true,"href":"http:\/\/desarrollo.grupomedios.com\/futbol\/wp-json\/wp\/v2\/categories?post=476249"},{"taxonomy":"post_tag","embeddable":true,"href":"http:\/\/desarrollo.grupomedios.com\/futbol\/wp-json\/wp\/v2\/tags?post=476249"}],"curies":[{"name":"wp","href":"https:\/\/api.w.org\/{rel}","templated":true}]}}