{"id":476287,"date":"2017-04-27T19:14:08","date_gmt":"2017-04-28T00:14:08","guid":{"rendered":"https:\/\/www.futboltotal.com.mx\/?p=476287"},"modified":"2017-04-27T19:14:08","modified_gmt":"2017-04-28T00:14:08","slug":"mexico-ya-tendria-fecha-volver-a-copa-libertadores","status":"publish","type":"post","link":"http:\/\/desarrollo.grupomedios.com\/futbol\/futbol-mexicano\/mexico-ya-tendria-fecha-volver-a-copa-libertadores\/2017\/04","title":{"rendered":"M\u00e9xico ya tendr\u00eda fecha para volver a Copa Libertadores"},"content":{"rendered":"<p>La cadena <em>Fox Sports<\/em>, quien tiene los derechos de transmisi\u00f3n de la <strong>Copa Libertadores<\/strong> y la Concachampions, ve factible que M\u00e9xico vuelva a participar en el torneo de clubes de la CONMEBOL, debido a que el calendario de los dos cert\u00e1menes de Am\u00e9rica facilitar\u00eda la negociaci\u00f3n; de esta forma los equipos de la Liga MX reaparecer\u00edan en la edici\u00f3n de 2019.<\/p>\n<p>\u201cEl nuevo calendario de la Liga, el de Concachampions y el de <strong>Copa Libertadores<\/strong>, va a permitir que se las federaciones se pongan de acuerdo, para que de esta forma los mexicanos puedan seguir participando en el torneo. Es un proceso de a\u00f1o o a\u00f1o y medio\u201d, indica Carlos Mart\u00ednez, presidente de <em>Fox Networks Latam<\/em>, en charla con el portal de <em>Medio Tiempo<\/em>.<\/p>\n<p style=\"text-align: center;\"><span style=\"color: #3366ff;\"><a style=\"color: #3366ff;\" href=\"https:\/\/www.futboltotal.com.mx\/2017\/04\/las-figuras-del-mercado-de-fichajes-de-europa\/\" target=\"_blank\"><strong>VER M\u00c1S: Las figuras m\u00e1s deseadas del Mercado de Fichajes<\/strong><\/a><\/span><\/p>\n<p>\u201cFue motivo de tristeza y preocupaci\u00f3n perder a los equipos mexicanos en la <strong>Copa Libertadores<\/strong> porque el mercado mexicano es muy importante en la regi\u00f3n. Somos optimistas y estamos abiertos a escuchar y facilitar un regreso. Creo que ser\u00eda un regreso triunfal, ser\u00eda algo ben\u00e9fico para todos, pero es una decisi\u00f3n que va m\u00e1s all\u00e1 de <em>Fox Sports<\/em>, donde tienen que ver los equipos, las federaciones, calendario&#8230;\u201d, agreg\u00f3 Carlos Donnari, Vicepresidente y Jefe de Contenidos de <em>Fox Sports Latinoam\u00e9rica<\/em>.<\/p>\n<p>S\u00edguenos en Twitter: <a href=\"https:\/\/twitter.com\/MXFutbolTotal\" target=\"_blank\">@MXFutbolTotal<\/a><\/p>\n","protected":false},"excerpt":{"rendered":"<p>Confederaciones arreglar\u00edan calendarios para facilitar el regreso.<\/p>\n","protected":false},"author":20,"featured_media":476288,"comment_status":"closed","ping_status":"closed","sticky":false,"template":"","format":"standard","meta":[],"categories":[3859,3839,2198],"tags":[1396,64],"_links":{"self":[{"href":"http:\/\/desarrollo.grupomedios.com\/futbol\/wp-json\/wp\/v2\/posts\/476287"}],"collection":[{"href":"http:\/\/desarrollo.grupomedios.com\/futbol\/wp-json\/wp\/v2\/posts"}],"about":[{"href":"http:\/\/desarrollo.grupomedios.com\/futbol\/wp-json\/wp\/v2\/types\/post"}],"author":[{"embeddable":true,"href":"http:\/\/desarrollo.grupomedios.com\/futbol\/wp-json\/wp\/v2\/users\/20"}],"replies":[{"embeddable":true,"href":"http:\/\/desarrollo.grupomedios.com\/futbol\/wp-json\/wp\/v2\/comments?post=476287"}],"version-history":[{"count":1,"href":"http:\/\/desarrollo.grupomedios.com\/futbol\/wp-json\/wp\/v2\/posts\/476287\/revisions"}],"predecessor-version":[{"id":476289,"href":"http:\/\/desarrollo.grupomedios.com\/futbol\/wp-json\/wp\/v2\/posts\/476287\/revisions\/476289"}],"wp:featuredmedia":[{"embeddable":true,"href":"http:\/\/desarrollo.grupomedios.com\/futbol\/wp-json\/wp\/v2\/media\/476288"}],"wp:attachment":[{"href":"http:\/\/desarrollo.grupomedios.com\/futbol\/wp-json\/wp\/v2\/media?parent=476287"}],"wp:term":[{"taxonomy":"category","embeddable":true,"href":"http:\/\/desarrollo.grupomedios.com\/futbol\/wp-json\/wp\/v2\/categories?post=476287"},{"taxonomy":"post_tag","embeddable":true,"href":"http:\/\/desarrollo.grupomedios.com\/futbol\/wp-json\/wp\/v2\/tags?post=476287"}],"curies":[{"name":"wp","href":"https:\/\/api.w.org\/{rel}","templated":true}]}}