{"id":476322,"date":"2017-04-28T09:05:10","date_gmt":"2017-04-28T14:05:10","guid":{"rendered":"https:\/\/www.futboltotal.com.mx\/?p=476322"},"modified":"2017-04-28T09:07:09","modified_gmt":"2017-04-28T14:07:09","slug":"bayern-munich-blinda-a-thiago-se-olvide-del-barcelona","status":"publish","type":"post","link":"http:\/\/desarrollo.grupomedios.com\/futbol\/futbol-internacional\/bayern-munich-blinda-a-thiago-se-olvide-del-barcelona\/2017\/04","title":{"rendered":"Bayern M\u00fanich blinda a Thiago para que se olvide del Barcelona"},"content":{"rendered":"<p>El centrocampista espa\u00f1ol Thiago Alc\u00e1ntara ha prorrogado su contrato con el Bayern M\u00fanich hasta el final de la temporada 2021, inform\u00f3 hoy el club b\u00e1varo a trav\u00e9s de su p\u00e1gina web.<\/p>\n<p>&#8220;Thiago es uno de los mejores y m\u00e1s codiciados centrocampistas de Europa&#8221;, indic\u00f3 en presidente del club, Karl-Heing Rummenigge, tras expresar su satisfacci\u00f3n por la prolongaci\u00f3n del contrato, inicialmente vigente hasta 2019.<\/p>\n<blockquote class=\"twitter-tweet\" data-width=\"500\">\n<p lang=\"es\" dir=\"ltr\">.<a href=\"https:\/\/twitter.com\/Thiago6\">@Thiago6<\/a> prolonga su contrato con el <a href=\"https:\/\/twitter.com\/hashtag\/FCBayern?src=hash\">#FCBayern<\/a> hasta 2021.<br \/>Todos los detalles: \u2935\ufe0f<a href=\"https:\/\/t.co\/MNMVRvlXjX\">https:\/\/t.co\/MNMVRvlXjX<\/a><a href=\"https:\/\/twitter.com\/hashtag\/Thiago2021?src=hash\">#Thiago2021<\/a> <a href=\"https:\/\/t.co\/SFez1ZUUvG\">pic.twitter.com\/SFez1ZUUvG<\/a><\/p>\n<p>&mdash; FC Bayern Espa\u00f1ol (@FCBayernES) <a href=\"https:\/\/twitter.com\/FCBayernES\/status\/857894917833674752\">April 28, 2017<\/a><\/p><\/blockquote>\n<p><script async src=\"\/\/platform.twitter.com\/widgets.js\" charset=\"utf-8\"><\/script><\/p>\n<p>El internacional espa\u00f1ol lleg\u00f3 al club en 2013 procedente del Barcelona y se calcula que el Bayern pag\u00f3 por \u00e9l 25 millones de euros.<\/p>\n<p>&#8220;Mi familia y yo nos sentimos muy felices en el M\u00fanich. Espero ganar muchos t\u00edtulos con el Bayern&#8221;, apunt\u00f3 por su parte el jugador, de 26 a\u00f1os, y una de las piezas clave del equipo que dirige el t\u00e9cnico Carlo Ancelotti.<\/p>\n<p>Junto a la pr\u00f3rroga para Thiago, el Bayern decidi\u00f3 asimismo ejercer la opci\u00f3n de compra para el internacional franc\u00e9s Kingley Coman, que juega en sus filas desde agosto de 2015 cedido por la Juventus de Turin.<\/p>\n<p>Se estima que el traspaso pagado por el jugador, que tiene contrato hasta junio de 2020, asciende a 21 millones de euros. EFE<\/p>\n","protected":false},"excerpt":{"rendered":"<p>El espa\u00f1ol era de los candidatos para regresar al Barcelona.<\/p>\n","protected":false},"author":144,"featured_media":476323,"comment_status":"closed","ping_status":"closed","sticky":false,"template":"","format":"standard","meta":[],"categories":[3839],"tags":[5984,2056,1072],"_links":{"self":[{"href":"http:\/\/desarrollo.grupomedios.com\/futbol\/wp-json\/wp\/v2\/posts\/476322"}],"collection":[{"href":"http:\/\/desarrollo.grupomedios.com\/futbol\/wp-json\/wp\/v2\/posts"}],"about":[{"href":"http:\/\/desarrollo.grupomedios.com\/futbol\/wp-json\/wp\/v2\/types\/post"}],"author":[{"embeddable":true,"href":"http:\/\/desarrollo.grupomedios.com\/futbol\/wp-json\/wp\/v2\/users\/144"}],"replies":[{"embeddable":true,"href":"http:\/\/desarrollo.grupomedios.com\/futbol\/wp-json\/wp\/v2\/comments?post=476322"}],"version-history":[{"count":2,"href":"http:\/\/desarrollo.grupomedios.com\/futbol\/wp-json\/wp\/v2\/posts\/476322\/revisions"}],"predecessor-version":[{"id":476325,"href":"http:\/\/desarrollo.grupomedios.com\/futbol\/wp-json\/wp\/v2\/posts\/476322\/revisions\/476325"}],"wp:featuredmedia":[{"embeddable":true,"href":"http:\/\/desarrollo.grupomedios.com\/futbol\/wp-json\/wp\/v2\/media\/476323"}],"wp:attachment":[{"href":"http:\/\/desarrollo.grupomedios.com\/futbol\/wp-json\/wp\/v2\/media?parent=476322"}],"wp:term":[{"taxonomy":"category","embeddable":true,"href":"http:\/\/desarrollo.grupomedios.com\/futbol\/wp-json\/wp\/v2\/categories?post=476322"},{"taxonomy":"post_tag","embeddable":true,"href":"http:\/\/desarrollo.grupomedios.com\/futbol\/wp-json\/wp\/v2\/tags?post=476322"}],"curies":[{"name":"wp","href":"https:\/\/api.w.org\/{rel}","templated":true}]}}