{"id":476328,"date":"2017-04-28T09:36:23","date_gmt":"2017-04-28T14:36:23","guid":{"rendered":"https:\/\/www.futboltotal.com.mx\/?p=476328"},"modified":"2017-04-28T09:36:23","modified_gmt":"2017-04-28T14:36:23","slug":"jugador-del-chapecoense-expulsado-meter-mano-en-trasero-del-rival","status":"publish","type":"post","link":"http:\/\/desarrollo.grupomedios.com\/futbol\/videos\/jugador-del-chapecoense-expulsado-meter-mano-en-trasero-del-rival\/2017\/04","title":{"rendered":"Jugador del Chapecoense expulsado por meter mano en trasero del rival"},"content":{"rendered":"<p>Durante el partido de la Copa Libertadores, donde el Nacional venci\u00f3 3-0 al <strong>Chapecoense<\/strong>, el jugador del equipo brasile\u00f1o, Rossi, termin\u00f3 expulsado por meterle la mano en el trasero al jugador Diego Polenta.<\/p>\n<p>El defensa del equipo uruguay rob\u00f3 el bal\u00f3n al delantero y lo burl\u00f3, por lo que cuando Rossi quiso alcanzarlo, pero prefiri\u00f3 meter la mano entre sus gl\u00fateos.<\/p>\n<p style=\"text-align: center;\"><span style=\"color: #3366ff;\"><a style=\"color: #3366ff;\" href=\"https:\/\/www.futboltotal.com.mx\/2017\/04\/revelan-motivos-los-pelaez-habria-salido-del-america\/\">LEER M\u00c1S: Revelan motivos por los que Pel\u00e1ez habr\u00eda salido del Am\u00e9rica<\/a><\/span><\/p>\n<p>https:\/\/twitter.com\/diepanda_13\/status\/857751610067476481<\/p>\n<p>Polenta no reaccion\u00f3 ante la provocaci\u00f3n y el \u00e1rbitro termin\u00f3 expulsado al brasile\u00f1o, pues en el partido de ida tambi\u00e9n hab\u00eda tenido la misma actitud con un jugador del Nacional.<\/p>\n<p>La acci\u00f3n del jugador del <strong>Chapecoense<\/strong> hizo recordar a lo que le hizo el chileno Gonzalo Jara a Edinson Cavani en los cuartos de final de la Copa Am\u00e9rica 2015 en Santiago, en una acci\u00f3n donde Cavani termin\u00f3 expulsado por reaccionar.<\/p>\n","protected":false},"excerpt":{"rendered":"<p>El brasile\u00f1o record\u00f3 a Gonzalo Jara cuando hizo lo mismo con Edinson Cavani.<\/p>\n","protected":false},"author":20,"featured_media":476329,"comment_status":"closed","ping_status":"closed","sticky":false,"template":"","format":"standard","meta":[],"categories":[3839,4],"tags":[1396,6214],"_links":{"self":[{"href":"http:\/\/desarrollo.grupomedios.com\/futbol\/wp-json\/wp\/v2\/posts\/476328"}],"collection":[{"href":"http:\/\/desarrollo.grupomedios.com\/futbol\/wp-json\/wp\/v2\/posts"}],"about":[{"href":"http:\/\/desarrollo.grupomedios.com\/futbol\/wp-json\/wp\/v2\/types\/post"}],"author":[{"embeddable":true,"href":"http:\/\/desarrollo.grupomedios.com\/futbol\/wp-json\/wp\/v2\/users\/20"}],"replies":[{"embeddable":true,"href":"http:\/\/desarrollo.grupomedios.com\/futbol\/wp-json\/wp\/v2\/comments?post=476328"}],"version-history":[{"count":1,"href":"http:\/\/desarrollo.grupomedios.com\/futbol\/wp-json\/wp\/v2\/posts\/476328\/revisions"}],"predecessor-version":[{"id":476330,"href":"http:\/\/desarrollo.grupomedios.com\/futbol\/wp-json\/wp\/v2\/posts\/476328\/revisions\/476330"}],"wp:featuredmedia":[{"embeddable":true,"href":"http:\/\/desarrollo.grupomedios.com\/futbol\/wp-json\/wp\/v2\/media\/476329"}],"wp:attachment":[{"href":"http:\/\/desarrollo.grupomedios.com\/futbol\/wp-json\/wp\/v2\/media?parent=476328"}],"wp:term":[{"taxonomy":"category","embeddable":true,"href":"http:\/\/desarrollo.grupomedios.com\/futbol\/wp-json\/wp\/v2\/categories?post=476328"},{"taxonomy":"post_tag","embeddable":true,"href":"http:\/\/desarrollo.grupomedios.com\/futbol\/wp-json\/wp\/v2\/tags?post=476328"}],"curies":[{"name":"wp","href":"https:\/\/api.w.org\/{rel}","templated":true}]}}