{"id":476332,"date":"2017-04-28T10:23:01","date_gmt":"2017-04-28T15:23:01","guid":{"rendered":"https:\/\/www.futboltotal.com.mx\/?p=476332"},"modified":"2017-04-28T10:24:25","modified_gmt":"2017-04-28T15:24:25","slug":"revelan-nueva-imagen-la-proxima-playera-del-america","status":"publish","type":"post","link":"http:\/\/desarrollo.grupomedios.com\/futbol\/futbol-mexicano\/revelan-nueva-imagen-la-proxima-playera-del-america\/2017\/04","title":{"rendered":"Revelan nueva imagen de la pr\u00f3xima playera del Am\u00e9rica"},"content":{"rendered":"<p>No dejan de surgir las voces en redes sociales que dan a conocer im\u00e1genes de la que ser\u00eda la <strong>nueva playera<\/strong> del <strong>Am\u00e9rica<\/strong> a partir del pr\u00f3ximo torneo de Liga MX, el <strong>Apertura 2017<\/strong>.<\/p>\n<p>Desde hace unos d\u00edas, se revelaron im\u00e1genes del que ser\u00eda <a href=\"https:\/\/www.futboltotal.com.mx\/2017\/04\/posible-nuevo-jersey-del-america-identico-a-playera-epica\/\"><span style=\"color: #333399;\">el nuevo modelo que la marca Nike entregar\u00eda a las <em>\u00c1guilas<\/em><\/span><\/a>\u00a0para vestir a todos sus equipos, recordando claramente al plumaje que se us\u00f3 en los a\u00f1os 90 en la primera etapa del t\u00e9cnico <strong>Leo Beenhakker<\/strong>, con jugadores como Biyik, Kalusha, Zague, Cuauht\u00e9moc Blanco y otras figuras.<\/p>\n<p><a href=\"https:\/\/www.futboltotal.com.mx\/wp-content\/uploads\/2017\/04\/Playera-America2.jpeg\"><img decoding=\"async\" loading=\"lazy\" class=\"aligncenter size-large wp-image-476337\" src=\"https:\/\/www.futboltotal.com.mx\/wp-content\/uploads\/2017\/04\/Playera-America2-1024x765.jpeg\" alt=\"Revelan nueva imagen de la pr\u00f3xima playera del Am\u00e9rica 0\" srcset=\"http:\/\/desarrollo.grupomedios.com\/futbol\/wp-content\/uploads\/2017\/04\/Playera-America2-1024x765.jpeg 1024w, http:\/\/desarrollo.grupomedios.com\/futbol\/wp-content\/uploads\/2017\/04\/Playera-America2-300x224.jpeg 300w, http:\/\/desarrollo.grupomedios.com\/futbol\/wp-content\/uploads\/2017\/04\/Playera-America2-768x573.jpeg 768w, http:\/\/desarrollo.grupomedios.com\/futbol\/wp-content\/uploads\/2017\/04\/Playera-America2.jpeg 1200w\" sizes=\"(max-width: 1024px) 100vw, 1024px\" \/><\/a><\/p>\n<p>En esta ocasi\u00f3n, en redes circul\u00f3 una nueva imagen de la playera, con un tono azul m\u00e1s oscuro y ya incluyendo las etiquetas de la marca que produce estos uniformes. \u00bfQu\u00e9 opinan americanistas? Y ustedes tambi\u00e9n, antiamericanistas.<\/p>\n<p><a href=\"https:\/\/www.futboltotal.com.mx\/wp-content\/uploads\/2017\/04\/Playera-America1.jpg\"><img decoding=\"async\" loading=\"lazy\" class=\"aligncenter size-full wp-image-476335\" src=\"https:\/\/www.futboltotal.com.mx\/wp-content\/uploads\/2017\/04\/Playera-America1.jpg\" alt=\"Revelan nueva imagen de la pr\u00f3xima playera del Am\u00e9rica 1\" srcset=\"http:\/\/desarrollo.grupomedios.com\/futbol\/wp-content\/uploads\/2017\/04\/Playera-America1.jpg 750w, http:\/\/desarrollo.grupomedios.com\/futbol\/wp-content\/uploads\/2017\/04\/Playera-America1-300x212.jpg 300w\" sizes=\"(max-width: 750px) 100vw, 750px\" \/><\/a><\/p>\n","protected":false},"excerpt":{"rendered":"<p>En redes circul\u00f3 una nueva imagen de la playera que usar\u00edan las \u00c1guilas para el torneo Apertura 2017.<\/p>\n","protected":false},"author":20,"featured_media":476334,"comment_status":"closed","ping_status":"closed","sticky":false,"template":"","format":"standard","meta":[],"categories":[5419,2198,3845],"tags":[1585,5959,1624,64,2175],"_links":{"self":[{"href":"http:\/\/desarrollo.grupomedios.com\/futbol\/wp-json\/wp\/v2\/posts\/476332"}],"collection":[{"href":"http:\/\/desarrollo.grupomedios.com\/futbol\/wp-json\/wp\/v2\/posts"}],"about":[{"href":"http:\/\/desarrollo.grupomedios.com\/futbol\/wp-json\/wp\/v2\/types\/post"}],"author":[{"embeddable":true,"href":"http:\/\/desarrollo.grupomedios.com\/futbol\/wp-json\/wp\/v2\/users\/20"}],"replies":[{"embeddable":true,"href":"http:\/\/desarrollo.grupomedios.com\/futbol\/wp-json\/wp\/v2\/comments?post=476332"}],"version-history":[{"count":3,"href":"http:\/\/desarrollo.grupomedios.com\/futbol\/wp-json\/wp\/v2\/posts\/476332\/revisions"}],"predecessor-version":[{"id":476339,"href":"http:\/\/desarrollo.grupomedios.com\/futbol\/wp-json\/wp\/v2\/posts\/476332\/revisions\/476339"}],"wp:featuredmedia":[{"embeddable":true,"href":"http:\/\/desarrollo.grupomedios.com\/futbol\/wp-json\/wp\/v2\/media\/476334"}],"wp:attachment":[{"href":"http:\/\/desarrollo.grupomedios.com\/futbol\/wp-json\/wp\/v2\/media?parent=476332"}],"wp:term":[{"taxonomy":"category","embeddable":true,"href":"http:\/\/desarrollo.grupomedios.com\/futbol\/wp-json\/wp\/v2\/categories?post=476332"},{"taxonomy":"post_tag","embeddable":true,"href":"http:\/\/desarrollo.grupomedios.com\/futbol\/wp-json\/wp\/v2\/tags?post=476332"}],"curies":[{"name":"wp","href":"https:\/\/api.w.org\/{rel}","templated":true}]}}