{"id":476351,"date":"2017-04-28T11:52:50","date_gmt":"2017-04-28T16:52:50","guid":{"rendered":"https:\/\/www.futboltotal.com.mx\/?p=476351"},"modified":"2017-04-28T11:52:50","modified_gmt":"2017-04-28T16:52:50","slug":"giovani-esta-convenciendo-a-jonathan-se-unan-en-la-mls","status":"publish","type":"post","link":"http:\/\/desarrollo.grupomedios.com\/futbol\/futbol-internacional\/giovani-esta-convenciendo-a-jonathan-se-unan-en-la-mls\/2017\/04","title":{"rendered":"Giovani est\u00e1 convenciendo a Jonathan para que se unan en la MLS"},"content":{"rendered":"<p>El cari\u00f1o y uni\u00f3n que existe entre los hermanos <strong>Giovani<\/strong> y <strong>Jonathan Dos Santos<\/strong> es \u00fanico, luego de que compartieran gran parte de su proceso de formaci\u00f3n en el <strong>Barcelona<\/strong> y a\u00f1os despu\u00e9s se reencontraran en el <strong>Villarreal<\/strong>, adem\u00e1s de compartir cancha con la <strong>Selecci\u00f3n Mexicana<\/strong>.<\/p>\n<p>Pero Giovani confes\u00f3 que est\u00e1 haciendo su trabajo en busca de que los rumores que colocan a Jonathan en el <strong>LA Galaxy<\/strong>, equipo donde actualmente juega el &#8217;10&#8217;, se conviertan en realidad.<\/p>\n<p>&#8220;Estoy convenciendo a Jonathan para que se venga ac\u00e1 conmigo&#8221;, declar\u00f3 Gio para la cadena ESPN, pues el mexicano ya est\u00e1 adecuado a la <strong>MLS<\/strong> y la vida en territorio angelino.<\/p>\n<p style=\"text-align: center;\"><span style=\"color: #333399;\"><a style=\"color: #333399;\" href=\"https:\/\/www.futboltotal.com.mx\/2017\/04\/chivas-iria-la-bomba-apertura-2017-moreno-vela\/\">VER M\u00c1S: Chivas ir\u00eda por la bomba para el Apertura 2017: Moreno o Vela<\/a><\/span><\/p>\n<p>&#8220;Me veo muchos a\u00f1os en el <strong>LA Galaxy<\/strong>, estoy feliz aqu\u00ed, es mi casa, la gente me trata de maravilla, me siento arropado por mis compa\u00f1eros, cuerpo t\u00e9cnico, directiva, afici\u00f3n, espero estar muchos a\u00f1os aqu\u00ed&#8221;, asegur\u00f3 el hijo de Zizinho.<\/p>\n<p>Incluso, Giovani se atrevi\u00f3 a hablar del inter\u00e9s que hay por parte del equipo de expansi\u00f3n <strong>Los Angeles FC<\/strong> por su compatriota <strong>Javier <em>Chicharito<\/em> Hern\u00e1ndez<\/strong>, actual jugador del <strong>Bayer Leverkusen<\/strong> alem\u00e1n.<\/p>\n<p>&#8220;(Javier) es un gran jugador que aportar\u00eda much\u00edsimo, a la Liga, a la ciudad, en el equipo rival creo que ser\u00eda un duelo muy emocionante, que la gente obviamente disfrutar\u00eda mucho y ojal\u00e1 que un jugador del calibre de \u00e9l pueda estar ac\u00e1&#8221;, concluy\u00f3.<\/p>\n<p style=\"text-align: center;\"><span style=\"color: #333399;\"><a style=\"color: #333399;\" href=\"https:\/\/www.futboltotal.com.mx\/2017\/04\/pachuca-confiesa-chucky-lozano-buscado-manchester-city\/\">VER M\u00c1S: Pachuca confiesa que Chucky Lozano es buscado por Manchester City<\/a><\/span><\/p>\n","protected":false},"excerpt":{"rendered":"<p>Giovani confes\u00f3 que est\u00e1 insistiendo para que su hermano se re\u00fana con \u00e9l en la MLS.<\/p>\n","protected":false},"author":20,"featured_media":474184,"comment_status":"closed","ping_status":"closed","sticky":false,"template":"","format":"standard","meta":[],"categories":[7740,3839,3844,6718,7580],"tags":[5982,48,1098,195,2607],"_links":{"self":[{"href":"http:\/\/desarrollo.grupomedios.com\/futbol\/wp-json\/wp\/v2\/posts\/476351"}],"collection":[{"href":"http:\/\/desarrollo.grupomedios.com\/futbol\/wp-json\/wp\/v2\/posts"}],"about":[{"href":"http:\/\/desarrollo.grupomedios.com\/futbol\/wp-json\/wp\/v2\/types\/post"}],"author":[{"embeddable":true,"href":"http:\/\/desarrollo.grupomedios.com\/futbol\/wp-json\/wp\/v2\/users\/20"}],"replies":[{"embeddable":true,"href":"http:\/\/desarrollo.grupomedios.com\/futbol\/wp-json\/wp\/v2\/comments?post=476351"}],"version-history":[{"count":1,"href":"http:\/\/desarrollo.grupomedios.com\/futbol\/wp-json\/wp\/v2\/posts\/476351\/revisions"}],"predecessor-version":[{"id":476352,"href":"http:\/\/desarrollo.grupomedios.com\/futbol\/wp-json\/wp\/v2\/posts\/476351\/revisions\/476352"}],"wp:featuredmedia":[{"embeddable":true,"href":"http:\/\/desarrollo.grupomedios.com\/futbol\/wp-json\/wp\/v2\/media\/474184"}],"wp:attachment":[{"href":"http:\/\/desarrollo.grupomedios.com\/futbol\/wp-json\/wp\/v2\/media?parent=476351"}],"wp:term":[{"taxonomy":"category","embeddable":true,"href":"http:\/\/desarrollo.grupomedios.com\/futbol\/wp-json\/wp\/v2\/categories?post=476351"},{"taxonomy":"post_tag","embeddable":true,"href":"http:\/\/desarrollo.grupomedios.com\/futbol\/wp-json\/wp\/v2\/tags?post=476351"}],"curies":[{"name":"wp","href":"https:\/\/api.w.org\/{rel}","templated":true}]}}