{"id":476357,"date":"2017-04-28T12:21:26","date_gmt":"2017-04-28T17:21:26","guid":{"rendered":"https:\/\/www.futboltotal.com.mx\/?p=476357"},"modified":"2017-04-28T12:54:47","modified_gmt":"2017-04-28T17:54:47","slug":"america-quiso-esperar-despide-a-ricardo-pelaez","status":"publish","type":"post","link":"http:\/\/desarrollo.grupomedios.com\/futbol\/destacado-home\/america-quiso-esperar-despide-a-ricardo-pelaez\/2017\/04","title":{"rendered":"\u00a1Am\u00e9rica no quiso esperar y despide a Ricardo Pel\u00e1ez!"},"content":{"rendered":"<p>Un adi\u00f3s que se iba a dar al termino de la actual participaci\u00f3n del <strong>Am\u00e9rica<\/strong> en el torneo <strong>Clausura 2017<\/strong> ha sido adelantado: <strong>Ricardo Pel\u00e1ez<\/strong> fue despedido como\u00a0presidente deportivo de las <em>\u00c1guilas<\/em>.<\/p>\n<p>Apenas en d\u00edas pasados, <a href=\"https:\/\/www.futboltotal.com.mx\/2017\/04\/ricardo-pelaez-se-va-del-america\/\">Pel\u00e1ez anunci\u00f3 a los medios de comunicaci\u00f3n que decid\u00eda dejar su cargo directivo<\/a> con el equipo americanista a causa de un gran desgaste; sin embargo, <a href=\"https:\/\/www.futboltotal.com.mx\/2017\/04\/me-quiero-ir-del-america-titulo-ricardo-pelaez\/\">su deseo era terminar el torneo despidi\u00e9ndose como campe\u00f3n de Liga MX<\/a>.<\/p>\n<p style=\"text-align: center;\"><span style=\"color: #333399;\"><a style=\"color: #333399;\" href=\"https:\/\/www.futboltotal.com.mx\/2017\/04\/ricardo-pelaez-llora-salir-del-america\/\">VER M\u00c1S: Ricardo Pel\u00e1ez llora por salir del Am\u00e9rica<\/a><\/span><\/p>\n<p>El anuncio de la adelantada salida de Pel\u00e1ez del Am\u00e9rica fue realizada por Jos\u00e9 Romano, presidente operativo del club, y Yon de Luisa, ex directivo azulcrema y dirigente de Grupo Televisa.<\/p>\n<p>De Luisa fue tajante y, en las pocas preguntas que quiso responder, asegur\u00f3: &#8220;En el Am\u00e9rica est\u00e1 quien quiere estar, no mantenemos a nadie por obligaci\u00f3n&#8221;.<\/p>\n<p style=\"text-align: center;\"><span style=\"color: #333399;\"><a style=\"color: #333399;\" href=\"https:\/\/www.futboltotal.com.mx\/2017\/04\/pelaez-no-quiero-hablar-salida-america-me-quedo-mis-recuerdos\/\">VER M\u00c1S: Pel\u00e1ez: &#8220;No quiero hablar de mi salida, me quedo con mis recuerdos&#8221;<\/a><\/span><\/p>\n<p>Seg\u00fan los \u00faltimos reportes, Pel\u00e1ez acudi\u00f3 este d\u00eda por la ma\u00f1ana a las instalaciones americanistas, pero ni siquiera se le permiti\u00f3 despedirse de jugadores o cuerpo t\u00e9cnico.<\/p>\n<p>Aparentemente, las formas de Pel\u00e1ez para comunicar su partida de Coapa y algunas fricciones con otros directivos aceleraron los procesos y llevaron a su despido.<\/p>\n<p>&nbsp;<\/p>\n<p style=\"text-align: center;\"><span style=\"color: #333399;\"><a style=\"color: #333399;\" href=\"https:\/\/www.futboltotal.com.mx\/2017\/04\/revelan-motivos-los-pelaez-habria-salido-del-america\/\">VER M\u00c1S: Revelan motivos por los que Pel\u00e1ez habr\u00eda salido del Am\u00e9rica<\/a><\/span><\/p>\n<p>&nbsp;<\/p>\n<blockquote class=\"twitter-tweet\" data-lang=\"es\">\n<p dir=\"ltr\" lang=\"pt\">&#x1f4dd; Comunicado Oficial <a href=\"https:\/\/t.co\/Hm6hmNgsvx\">pic.twitter.com\/Hm6hmNgsvx<\/a><\/p>\n<p>\u2014 Club Am\u00e9rica (@ClubAmerica) <a href=\"https:\/\/twitter.com\/ClubAmerica\/status\/858004580050849792\">28 de abril de 2017<\/a><\/p><\/blockquote>\n<p><script async src=\"\/\/platform.twitter.com\/widgets.js\" charset=\"utf-8\"><\/script><\/p>\n<p>&nbsp;<\/p>\n","protected":false},"excerpt":{"rendered":"<p>El anuncio de la adelantada salida de Pel\u00e1ez del Am\u00e9rica fue realizado en breve conferencia.<\/p>\n","protected":false},"author":20,"featured_media":460722,"comment_status":"closed","ping_status":"closed","sticky":false,"template":"","format":"standard","meta":[],"categories":[5,2198,3845],"tags":[1585,5959,7732,64,2274,349],"_links":{"self":[{"href":"http:\/\/desarrollo.grupomedios.com\/futbol\/wp-json\/wp\/v2\/posts\/476357"}],"collection":[{"href":"http:\/\/desarrollo.grupomedios.com\/futbol\/wp-json\/wp\/v2\/posts"}],"about":[{"href":"http:\/\/desarrollo.grupomedios.com\/futbol\/wp-json\/wp\/v2\/types\/post"}],"author":[{"embeddable":true,"href":"http:\/\/desarrollo.grupomedios.com\/futbol\/wp-json\/wp\/v2\/users\/20"}],"replies":[{"embeddable":true,"href":"http:\/\/desarrollo.grupomedios.com\/futbol\/wp-json\/wp\/v2\/comments?post=476357"}],"version-history":[{"count":5,"href":"http:\/\/desarrollo.grupomedios.com\/futbol\/wp-json\/wp\/v2\/posts\/476357\/revisions"}],"predecessor-version":[{"id":476369,"href":"http:\/\/desarrollo.grupomedios.com\/futbol\/wp-json\/wp\/v2\/posts\/476357\/revisions\/476369"}],"wp:featuredmedia":[{"embeddable":true,"href":"http:\/\/desarrollo.grupomedios.com\/futbol\/wp-json\/wp\/v2\/media\/460722"}],"wp:attachment":[{"href":"http:\/\/desarrollo.grupomedios.com\/futbol\/wp-json\/wp\/v2\/media?parent=476357"}],"wp:term":[{"taxonomy":"category","embeddable":true,"href":"http:\/\/desarrollo.grupomedios.com\/futbol\/wp-json\/wp\/v2\/categories?post=476357"},{"taxonomy":"post_tag","embeddable":true,"href":"http:\/\/desarrollo.grupomedios.com\/futbol\/wp-json\/wp\/v2\/tags?post=476357"}],"curies":[{"name":"wp","href":"https:\/\/api.w.org\/{rel}","templated":true}]}}