{"id":476389,"date":"2017-04-28T16:09:40","date_gmt":"2017-04-28T21:09:40","guid":{"rendered":"https:\/\/www.futboltotal.com.mx\/?p=476389"},"modified":"2017-04-28T16:24:40","modified_gmt":"2017-04-28T21:24:40","slug":"raul-jimenez-ya-sabe-cuando-quiere-regresar-a-america","status":"publish","type":"post","link":"http:\/\/desarrollo.grupomedios.com\/futbol\/futbol-mexicano\/raul-jimenez-ya-sabe-cuando-quiere-regresar-a-america\/2017\/04","title":{"rendered":"Ra\u00fal Jim\u00e9nez ya sabe cu\u00e1ndo quiere regresar a Am\u00e9rica"},"content":{"rendered":"<p>El delantero del Benfica, <strong>Ra\u00fal Jim\u00e9nez<\/strong>, realiz\u00f3 una actividad de interacci\u00f3n con sus seguidores, mediante una transmisi\u00f3n en vivo por Facebook, donde contest\u00f3 a las preguntas que le hac\u00edan los aficionados.<\/p>\n<p>A pesar de no tener mucha actividad con Benfica, <strong>Ra\u00fal Jim\u00e9nez<\/strong> est\u00e1 contento en Europa, pero a\u00fan as\u00ed no pudo evitar interesarse por contestar una pregunta: \u00bfvolver\u00e1s al <strong>Am\u00e9rica<\/strong>? Pues el club que lo vio nacer tiene un lugar especial en su vida.<\/p>\n<p>\u201cMe gustar\u00eda volver al <strong>Am\u00e9rica<\/strong>, veremos si un d\u00eda pasa. Quiero terminar ah\u00ed mi carrera. Veremos\u201d, indic\u00f3 <strong>Ra\u00fal Jim\u00e9nez<\/strong>.<\/p>\n<p style=\"text-align: center;\"><span style=\"color: #3366ff;\"><a style=\"color: #3366ff;\" href=\"https:\/\/www.futboltotal.com.mx\/2017\/04\/america-quiso-esperar-despide-a-ricardo-pelaez\/\" target=\"_blank\"><strong>VER M\u00c1S: Las \u00c1guilas no esperan, despiden a Ricardo Pel\u00e1ez<\/strong><\/a><\/span><\/p>\n<p><iframe loading=\"lazy\" style=\"border: none; overflow: hidden;\" src=\"https:\/\/www.facebook.com\/plugins\/video.php?href=https%3A%2F%2Fwww.facebook.com%2FRaulJimenezOficial%2Fvideos%2F1100422630063746%2F&amp;show_text=0&amp;width=400\" frameborder=\"0\" scrolling=\"no\" allowfullscreen=\"allowfullscreen\"><\/iframe><\/p>\n<p>S\u00edguenos en Twitter: <a href=\"https:\/\/twitter.com\/MXFutbolTotal\" target=\"_blank\">@MXFutbolTotal<\/a><\/p>\n","protected":false},"excerpt":{"rendered":"<p>El delantero le habr\u00eda puesto fecha a su retorno al Nido.\t<\/p>\n","protected":false},"author":20,"featured_media":476392,"comment_status":"closed","ping_status":"closed","sticky":false,"template":"","format":"standard","meta":[],"categories":[3839,2198,3845,6718],"tags":[5959,4545,742],"_links":{"self":[{"href":"http:\/\/desarrollo.grupomedios.com\/futbol\/wp-json\/wp\/v2\/posts\/476389"}],"collection":[{"href":"http:\/\/desarrollo.grupomedios.com\/futbol\/wp-json\/wp\/v2\/posts"}],"about":[{"href":"http:\/\/desarrollo.grupomedios.com\/futbol\/wp-json\/wp\/v2\/types\/post"}],"author":[{"embeddable":true,"href":"http:\/\/desarrollo.grupomedios.com\/futbol\/wp-json\/wp\/v2\/users\/20"}],"replies":[{"embeddable":true,"href":"http:\/\/desarrollo.grupomedios.com\/futbol\/wp-json\/wp\/v2\/comments?post=476389"}],"version-history":[{"count":1,"href":"http:\/\/desarrollo.grupomedios.com\/futbol\/wp-json\/wp\/v2\/posts\/476389\/revisions"}],"predecessor-version":[{"id":476393,"href":"http:\/\/desarrollo.grupomedios.com\/futbol\/wp-json\/wp\/v2\/posts\/476389\/revisions\/476393"}],"wp:featuredmedia":[{"embeddable":true,"href":"http:\/\/desarrollo.grupomedios.com\/futbol\/wp-json\/wp\/v2\/media\/476392"}],"wp:attachment":[{"href":"http:\/\/desarrollo.grupomedios.com\/futbol\/wp-json\/wp\/v2\/media?parent=476389"}],"wp:term":[{"taxonomy":"category","embeddable":true,"href":"http:\/\/desarrollo.grupomedios.com\/futbol\/wp-json\/wp\/v2\/categories?post=476389"},{"taxonomy":"post_tag","embeddable":true,"href":"http:\/\/desarrollo.grupomedios.com\/futbol\/wp-json\/wp\/v2\/tags?post=476389"}],"curies":[{"name":"wp","href":"https:\/\/api.w.org\/{rel}","templated":true}]}}