{"id":476397,"date":"2017-04-29T08:18:57","date_gmt":"2017-04-29T13:18:57","guid":{"rendered":"https:\/\/www.futboltotal.com.mx\/?p=476397"},"modified":"2017-04-29T11:11:42","modified_gmt":"2017-04-29T16:11:42","slug":"en-vivo-real-madrid-vs-valencia-liga-espana","status":"publish","type":"post","link":"http:\/\/desarrollo.grupomedios.com\/futbol\/futbol-internacional\/en-vivo-real-madrid-vs-valencia-liga-espana\/2017\/04","title":{"rendered":"AS\u00cd SE VIVI\u00d3 | Real Madrid 2-1 Valencia | Liga de Espa\u00f1a"},"content":{"rendered":"<p style=\"text-align: center;\"><span style=\"color: #0000ff;\"><a style=\"color: #0000ff;\" href=\"https:\/\/en-vivo.futboltotal.com.mx\/partido\/real-madrid-vs-valencia-liga-de-espana-jornada-35\/46\/\" target=\"_blank\">DA CLICK AQU\u00cd Y SIGUE EN VIVO REAL MADRID VS VALENCIA ESTE S\u00c1BADO A LAS 9:15 HORAS<\/a><\/span><\/p>\n<p>El Real Madrid, en el regreso del plan A de Zinedine Zidane, se mide al Valencia, que tiene sus deberes hechos, obligado a ganar en una nueva final para los madridistas en el pulso por el t\u00edtulo liguero con el Barcelona, con la vuelta de los titulares con el list\u00f3n alt\u00edsimo por la segunda unidad.<\/p>\n<p>Vuelve el Real Madrid al Santiago Bernab\u00e9u tras su derrota en el Cl\u00e1sico que convirti\u00f3 en finales todos los partidos ligueros restantes. Al primero respondi\u00f3 con grandeza. En Riazor, con Zidane firme y sin temblarle el pulso para meter nueve cambios en su equipo titular y apostar por una segunda unidad que aporta tan buen juego y resultados que lanza un debate irrefrenable.<\/p>\n<p style=\"text-align: center;\"><span style=\"color: #0000ff;\"><a style=\"color: #0000ff;\" href=\"https:\/\/en-vivo.futboltotal.com.mx\/partido\/real-madrid-vs-valencia-liga-de-espana-jornada-35\/46\/\" target=\"_blank\">DA CLICK AQU\u00cd Y SIGUE EN VIVO REAL MADRID VS VALENCIA ESTE S\u00c1BADO A LAS 9:15 HORAS<\/a><\/span><\/p>\n<p>Pero Zidane no tiene dudas y, con las bajas por lesi\u00f3n de Pepe, Bale y Coentrao, volver\u00e1 a apostar por su columna vertebral fija a d\u00edas de un duelo trascendental de la temporada, la ida de las semifinales de la Liga de Campeones. Regresan jugadores como Keylor Navas, Sergio Ramos, Casemiro, Modric, Kroos, Cristiano Ronaldo y Benzema al once ante el Valencia.<\/p>\n<p>Las dudas residen en el lateral izquierdo, donde poder cambiar de posici\u00f3n a Nacho gracias a la vuelta de Varane puede dar descanso a Marcelo y en el jugador que ocupar\u00e1 el hueco de Bale. Isco y Asensio pelean por un puesto tras demostrar que son los jugadores en mejor momento de toda la plantilla.<\/p>\n<p>Mientras, el Valencia viaja a Madrid sin presi\u00f3n, tras haber asegurado la permanencia y no tener opciones de luchar por las plazas europeas, por lo que el principal objetivo es ofrecer una buena imagen tras las dos derrotas consecutivas con las que llega a este encuentro.<\/p>\n<p>Para ello, el t\u00e9cnico valencianista, Salvador Gonz\u00e1lez &#8216;Voro&#8217;, cuenta con la significativa baja del delantero italiano Simone Zaza, as\u00ed como la del lateral portugu\u00e9s Joao Cancelo, ambos sancionados por acumulaci\u00f3n de amonestaciones. A estas ausencias se ha unido a \u00faltima hora la del centrocampista argentino Enzo P\u00e9rez, quien con problemas en los isquitibiales ha quedado fuera de la convocatoria.<\/p>\n","protected":false},"excerpt":{"rendered":"<p>Los Merengues quieren seguir pegados en la cima junto al Barcelona.<\/p>\n","protected":false},"author":129,"featured_media":461332,"comment_status":"closed","ping_status":"closed","sticky":false,"template":"","format":"standard","meta":[],"categories":[3839,3844],"tags":[1913,5988,87],"_links":{"self":[{"href":"http:\/\/desarrollo.grupomedios.com\/futbol\/wp-json\/wp\/v2\/posts\/476397"}],"collection":[{"href":"http:\/\/desarrollo.grupomedios.com\/futbol\/wp-json\/wp\/v2\/posts"}],"about":[{"href":"http:\/\/desarrollo.grupomedios.com\/futbol\/wp-json\/wp\/v2\/types\/post"}],"author":[{"embeddable":true,"href":"http:\/\/desarrollo.grupomedios.com\/futbol\/wp-json\/wp\/v2\/users\/129"}],"replies":[{"embeddable":true,"href":"http:\/\/desarrollo.grupomedios.com\/futbol\/wp-json\/wp\/v2\/comments?post=476397"}],"version-history":[{"count":4,"href":"http:\/\/desarrollo.grupomedios.com\/futbol\/wp-json\/wp\/v2\/posts\/476397\/revisions"}],"predecessor-version":[{"id":476501,"href":"http:\/\/desarrollo.grupomedios.com\/futbol\/wp-json\/wp\/v2\/posts\/476397\/revisions\/476501"}],"wp:featuredmedia":[{"embeddable":true,"href":"http:\/\/desarrollo.grupomedios.com\/futbol\/wp-json\/wp\/v2\/media\/461332"}],"wp:attachment":[{"href":"http:\/\/desarrollo.grupomedios.com\/futbol\/wp-json\/wp\/v2\/media?parent=476397"}],"wp:term":[{"taxonomy":"category","embeddable":true,"href":"http:\/\/desarrollo.grupomedios.com\/futbol\/wp-json\/wp\/v2\/categories?post=476397"},{"taxonomy":"post_tag","embeddable":true,"href":"http:\/\/desarrollo.grupomedios.com\/futbol\/wp-json\/wp\/v2\/tags?post=476397"}],"curies":[{"name":"wp","href":"https:\/\/api.w.org\/{rel}","templated":true}]}}