{"id":476438,"date":"2017-04-28T20:25:13","date_gmt":"2017-04-29T01:25:13","guid":{"rendered":"https:\/\/www.futboltotal.com.mx\/?p=476438"},"modified":"2017-04-28T20:25:13","modified_gmt":"2017-04-29T01:25:13","slug":"diego-lainez-la-promesa-mexicana-se-inspira-en-messi","status":"publish","type":"post","link":"http:\/\/desarrollo.grupomedios.com\/futbol\/videos\/diego-lainez-la-promesa-mexicana-se-inspira-en-messi\/2017\/04","title":{"rendered":"Diego Lainez, la promesa mexicana que se inspira en Messi"},"content":{"rendered":"<p><strong>Diego Lainez<\/strong> sorprendi\u00f3 a todos con su debut en Copa MX, en el \u00faltimo juego de la Fase de Grupos frente a Santos, desde entonces, su vida dio un giro inesperado, pues se convirti\u00f3 en la sensaci\u00f3n del Am\u00e9rica con apenas 16 a\u00f1os.<\/p>\n<p>De joven promesa, a titular con Am\u00e9rica y hasta con aumento de sueldo, <strong>Diego Lainez<\/strong> vive el sue\u00f1o de cualquier chico mexicano que quiere ser futbolista profesional; pero mantiene los pies en la tierra, pues quiere ser como Lionel Messi.<\/p>\n<p style=\"text-align: center;\"><span style=\"color: #3366ff;\"><a style=\"color: #3366ff;\" href=\"https:\/\/www.futboltotal.com.mx\/2017\/04\/mexico-ya-habria-elegido-los-estadios-mundial-2026\/\" target=\"_blank\"><strong>VER M\u00c1S: M\u00e9xico ya habr\u00eda elegido a los estadios para el Mundial 2026<\/strong><\/a><\/span><\/p>\n<p>[video_player] https:\/\/player.vimeo.com\/external\/215277367.hd.mp4?s=94b8b38f006278c733839d1d4c1b8c803e6fad61&amp;profile_id=119 [\/video_player]<\/p>\n<p style=\"text-align: center;\"><span style=\"color: #3366ff;\"><strong><a style=\"color: #3366ff;\" href=\"http:\/\/www.kicktv.com\/\" target=\"_blank\">Video cortes\u00eda de KickT<\/a>v | <a style=\"color: #3366ff;\" href=\"https:\/\/twitter.com\/KICK\" target=\"_blank\">Twitter de Kick\u00a0| <\/a><a style=\"color: #3366ff;\" href=\"https:\/\/www.facebook.com\/kick\/\" target=\"_blank\">Facebook Kick<\/a><\/strong><\/span><\/p>\n<p>S\u00edguenos en Twitter: <a href=\"https:\/\/twitter.com\/MXFutbolTotal\" target=\"_blank\">@MXFutbolTotal<\/a><\/p>\n","protected":false},"excerpt":{"rendered":"<p>El joven futbolista del Am\u00e9rica, busca destacar en el balompi\u00e9.<\/p>\n","protected":false},"author":20,"featured_media":476439,"comment_status":"closed","ping_status":"closed","sticky":false,"template":"","format":"standard","meta":[],"categories":[2198,3845,4,6433],"tags":[5959,8300,7798],"_links":{"self":[{"href":"http:\/\/desarrollo.grupomedios.com\/futbol\/wp-json\/wp\/v2\/posts\/476438"}],"collection":[{"href":"http:\/\/desarrollo.grupomedios.com\/futbol\/wp-json\/wp\/v2\/posts"}],"about":[{"href":"http:\/\/desarrollo.grupomedios.com\/futbol\/wp-json\/wp\/v2\/types\/post"}],"author":[{"embeddable":true,"href":"http:\/\/desarrollo.grupomedios.com\/futbol\/wp-json\/wp\/v2\/users\/20"}],"replies":[{"embeddable":true,"href":"http:\/\/desarrollo.grupomedios.com\/futbol\/wp-json\/wp\/v2\/comments?post=476438"}],"version-history":[{"count":1,"href":"http:\/\/desarrollo.grupomedios.com\/futbol\/wp-json\/wp\/v2\/posts\/476438\/revisions"}],"predecessor-version":[{"id":476440,"href":"http:\/\/desarrollo.grupomedios.com\/futbol\/wp-json\/wp\/v2\/posts\/476438\/revisions\/476440"}],"wp:featuredmedia":[{"embeddable":true,"href":"http:\/\/desarrollo.grupomedios.com\/futbol\/wp-json\/wp\/v2\/media\/476439"}],"wp:attachment":[{"href":"http:\/\/desarrollo.grupomedios.com\/futbol\/wp-json\/wp\/v2\/media?parent=476438"}],"wp:term":[{"taxonomy":"category","embeddable":true,"href":"http:\/\/desarrollo.grupomedios.com\/futbol\/wp-json\/wp\/v2\/categories?post=476438"},{"taxonomy":"post_tag","embeddable":true,"href":"http:\/\/desarrollo.grupomedios.com\/futbol\/wp-json\/wp\/v2\/tags?post=476438"}],"curies":[{"name":"wp","href":"https:\/\/api.w.org\/{rel}","templated":true}]}}