{"id":476464,"date":"2017-04-28T23:03:41","date_gmt":"2017-04-29T04:03:41","guid":{"rendered":"https:\/\/www.futboltotal.com.mx\/?p=476464"},"modified":"2017-04-28T23:03:41","modified_gmt":"2017-04-29T04:03:41","slug":"sea-hombrecito-bueno-a-goncalves","status":"publish","type":"post","link":"http:\/\/desarrollo.grupomedios.com\/futbol\/futbol-mexicano\/sea-hombrecito-bueno-a-goncalves\/2017\/04","title":{"rendered":"\u201cQue sea hombrecito\u201d: Bueno a Goncalves"},"content":{"rendered":"<p><strong>Mateus Goncalves<\/strong> fue separado de Jaguares Chiapas por problemas internos, el mismo futbolista dio a conocer la problem\u00e1tica, aludiendo que <strong>Sergio Bueno<\/strong> lo hab\u00eda corrido sin justificaci\u00f3n alguna y con insultos; as\u00ed que el estratega del Jaguar decidi\u00f3 responder.<\/p>\n<p>\u201cEl jugador tuvo una respuesta indebida a todo esto que se est\u00e1 dando. \u00c9l ha salido a los medios a ventilar cosas, que como hombre, cre\u00f3 que ten\u00eda que h\u00e1berselas guardado\u201d, indic\u00f3 <strong>Sergio Bueno<\/strong>, en charla con <em>TVC Deportes<\/em>.<\/p>\n<p style=\"text-align: center;\"><span style=\"color: #3366ff;\"><a style=\"color: #3366ff;\" href=\"https:\/\/www.futboltotal.com.mx\/2017\/04\/mexico-ya-habria-elegido-los-estadios-mundial-2026\/\" target=\"_blank\"><strong>VER M\u00c1S: M\u00e9xico ya habr\u00eda elegido los estadios para el Mundial de 2026<\/strong><\/a><\/span><\/p>\n<p>\u201cSe refugiaba en una lesi\u00f3n que hab\u00eda sufrido, incluso aparec\u00eda, de manera absurda, usando una bota, a pesar de que en los reportes m\u00e9dicos del club se mencionaba que no ten\u00eda una lesi\u00f3n que le impidiera entrenarse\u201d, agreg\u00f3 el director t\u00e9cnico de <strong>Chiapas<\/strong>.<\/p>\n<p>S\u00edguenos en Twitter: <a href=\"https:\/\/twitter.com\/MXFutbolTotal\" target=\"_blank\">@MXFutbolTotal<\/a><\/p>\n","protected":false},"excerpt":{"rendered":"<p>El director t\u00e9cnico de Chiapas, contesta al futbolista tras separarlo del equipo.<\/p>\n","protected":false},"author":20,"featured_media":476465,"comment_status":"closed","ping_status":"closed","sticky":false,"template":"","format":"standard","meta":[],"categories":[2198,3845],"tags":[5964],"_links":{"self":[{"href":"http:\/\/desarrollo.grupomedios.com\/futbol\/wp-json\/wp\/v2\/posts\/476464"}],"collection":[{"href":"http:\/\/desarrollo.grupomedios.com\/futbol\/wp-json\/wp\/v2\/posts"}],"about":[{"href":"http:\/\/desarrollo.grupomedios.com\/futbol\/wp-json\/wp\/v2\/types\/post"}],"author":[{"embeddable":true,"href":"http:\/\/desarrollo.grupomedios.com\/futbol\/wp-json\/wp\/v2\/users\/20"}],"replies":[{"embeddable":true,"href":"http:\/\/desarrollo.grupomedios.com\/futbol\/wp-json\/wp\/v2\/comments?post=476464"}],"version-history":[{"count":1,"href":"http:\/\/desarrollo.grupomedios.com\/futbol\/wp-json\/wp\/v2\/posts\/476464\/revisions"}],"predecessor-version":[{"id":476466,"href":"http:\/\/desarrollo.grupomedios.com\/futbol\/wp-json\/wp\/v2\/posts\/476464\/revisions\/476466"}],"wp:featuredmedia":[{"embeddable":true,"href":"http:\/\/desarrollo.grupomedios.com\/futbol\/wp-json\/wp\/v2\/media\/476465"}],"wp:attachment":[{"href":"http:\/\/desarrollo.grupomedios.com\/futbol\/wp-json\/wp\/v2\/media?parent=476464"}],"wp:term":[{"taxonomy":"category","embeddable":true,"href":"http:\/\/desarrollo.grupomedios.com\/futbol\/wp-json\/wp\/v2\/categories?post=476464"},{"taxonomy":"post_tag","embeddable":true,"href":"http:\/\/desarrollo.grupomedios.com\/futbol\/wp-json\/wp\/v2\/tags?post=476464"}],"curies":[{"name":"wp","href":"https:\/\/api.w.org\/{rel}","templated":true}]}}