{"id":476493,"date":"2017-04-29T09:01:35","date_gmt":"2017-04-29T14:01:35","guid":{"rendered":"https:\/\/www.futboltotal.com.mx\/?p=476493"},"modified":"2017-04-29T09:01:35","modified_gmt":"2017-04-29T14:01:35","slug":"resultados-liga-espana-real-sociedad-2-1-granada","status":"publish","type":"post","link":"http:\/\/desarrollo.grupomedios.com\/futbol\/destacado-home\/resultados-liga-espana-real-sociedad-2-1-granada\/2017\/04","title":{"rendered":"Vela y la Real Sociedad ponen a Ochoa en Segunda"},"content":{"rendered":"<p>Con un gol de Carlos Vela, la<strong> Real Sociedad<\/strong> se impuso con muchos apuros a un Granada de Guillermo Ochoa que desciende matem\u00e1ticamente a Segunda Divisi\u00f3n y la victoria permite a los donostiarras no ceder en su lucha por Europa.<\/p>\n<blockquote class=\"twitter-tweet\" data-width=\"500\">\n<p lang=\"es\" dir=\"ltr\">\u00a1TRES M\u00c1S! \u00a1FINAL! <a href=\"https:\/\/twitter.com\/hashtag\/RealSocidad?src=hash\">#RealSocidad<\/a> 2-1 <a href=\"https:\/\/twitter.com\/GranadaCdeF\">@GranadaCdeF<\/a>. \u00a1Gran semana! \u27953\ufe0f\u20e3\u2705 AUPA REAL!!! <a href=\"https:\/\/twitter.com\/hashtag\/RealSociedadGranada?src=hash\">#RealSociedadGranada<\/a> <a href=\"https:\/\/t.co\/8krPJxLZQc\">pic.twitter.com\/8krPJxLZQc<\/a><\/p>\n<p>&mdash; Real Sociedad F\u00fatbol (@RealSociedad) <a href=\"https:\/\/twitter.com\/RealSociedad\/status\/858302396291788802\">April 29, 2017<\/a><\/p><\/blockquote>\n<p><script async src=\"\/\/platform.twitter.com\/widgets.js\" charset=\"utf-8\"><\/script><\/p>\n<p>El partido ten\u00eda una gran trascendencia para ambos equipos, los donostiarras seguir\u00edan firmemente enganchados a la esa pugna en caso de triunfo y el Granada al menos luchaba por posponer una jornada m\u00e1s la certificaci\u00f3n de su descenso.<\/p>\n<p>La l\u00f3gica que marca la clasificaci\u00f3n, 38 puntos separaban a ambos equipos antes de este partido, s\u00ed comenz\u00f3 a imponerse al final del primer tiempo cuando los donostiarras aprovecharon una de sus llegadas para marcar el primer gol.<\/p>\n<p>Un bal\u00f3n conducido por Zaldua para Mikel Oyarzabal lo coloc\u00f3 el delantero eibarr\u00e9s al pie de Carlos Vela, que bati\u00f3 con habilidad a su compatriota y compa\u00f1ero de selecci\u00f3n en M\u00c9xico, Guillermo Ochoa, y encarril\u00f3 el choque.<\/p>\n<p><iframe loading=\"lazy\" src=\"https:\/\/www.youtube.com\/embed\/iJXuFMnRhl4?feature=oembed\" frameborder=\"0\" allowfullscreen><\/iframe><\/p>\n<p>Ambos jugadores de la selecci\u00f3n Tricolor protagonizaron la primera gran jugada del segundo tiempo, en el minuto 56, con un centro de Xabi Prieto que de cabeza remat\u00f3 Vela forzando una gran intervenci\u00f3n de Ochoa.<\/p>\n<p>El partido estaba tan pl\u00e1cido para los donostiarras que Anoeta daba por hecho que los tres puntos se quedar\u00edan en casa, craso error cuando un equipo se deja llevar, lo que aprovech\u00f3 el Granada para marcar un empate que fue obra del chileno Ramos, de cabeza, a centro de Foulquier.<\/p>\n<p>La Real volvi\u00f3 a ponerse las pilas y el mono de trabajo que hab\u00eda dejado en el vestuario tras encajar este tanto y estuvo cerca de poner el partido a su favor en un remate al larguero de Juanmi. El delantero malague\u00f1o no perdonar\u00eda en la segunda ocasi\u00f3n que dispuso y, en la parte final del partido, Canales le asisti\u00f3 con maestr\u00eda para que el exjugador del Southampton estableciera el gol del triunfo para su equipo.<\/p>\n","protected":false},"excerpt":{"rendered":"<p>Vela marc\u00f3 el primer gol del partido.<\/p>\n","protected":false},"author":129,"featured_media":476494,"comment_status":"closed","ping_status":"closed","sticky":false,"template":"","format":"standard","meta":[],"categories":[5,3844],"tags":[6048,700,5991,102],"_links":{"self":[{"href":"http:\/\/desarrollo.grupomedios.com\/futbol\/wp-json\/wp\/v2\/posts\/476493"}],"collection":[{"href":"http:\/\/desarrollo.grupomedios.com\/futbol\/wp-json\/wp\/v2\/posts"}],"about":[{"href":"http:\/\/desarrollo.grupomedios.com\/futbol\/wp-json\/wp\/v2\/types\/post"}],"author":[{"embeddable":true,"href":"http:\/\/desarrollo.grupomedios.com\/futbol\/wp-json\/wp\/v2\/users\/129"}],"replies":[{"embeddable":true,"href":"http:\/\/desarrollo.grupomedios.com\/futbol\/wp-json\/wp\/v2\/comments?post=476493"}],"version-history":[{"count":1,"href":"http:\/\/desarrollo.grupomedios.com\/futbol\/wp-json\/wp\/v2\/posts\/476493\/revisions"}],"predecessor-version":[{"id":476495,"href":"http:\/\/desarrollo.grupomedios.com\/futbol\/wp-json\/wp\/v2\/posts\/476493\/revisions\/476495"}],"wp:featuredmedia":[{"embeddable":true,"href":"http:\/\/desarrollo.grupomedios.com\/futbol\/wp-json\/wp\/v2\/media\/476494"}],"wp:attachment":[{"href":"http:\/\/desarrollo.grupomedios.com\/futbol\/wp-json\/wp\/v2\/media?parent=476493"}],"wp:term":[{"taxonomy":"category","embeddable":true,"href":"http:\/\/desarrollo.grupomedios.com\/futbol\/wp-json\/wp\/v2\/categories?post=476493"},{"taxonomy":"post_tag","embeddable":true,"href":"http:\/\/desarrollo.grupomedios.com\/futbol\/wp-json\/wp\/v2\/tags?post=476493"}],"curies":[{"name":"wp","href":"https:\/\/api.w.org\/{rel}","templated":true}]}}