{"id":476502,"date":"2017-04-29T08:20:53","date_gmt":"2017-04-29T13:20:53","guid":{"rendered":"https:\/\/www.futboltotal.com.mx\/?p=476502"},"modified":"2017-04-29T11:24:32","modified_gmt":"2017-04-29T16:24:32","slug":"resultados-liga-espana-real-madrid-2-1-valencia","status":"publish","type":"post","link":"http:\/\/desarrollo.grupomedios.com\/futbol\/destacado-home\/resultados-liga-espana-real-madrid-2-1-valencia\/2017\/04","title":{"rendered":"Marcelo volvi\u00f3 a ser el h\u00e9roe del Madrid ante el Valencia"},"content":{"rendered":"<p>El <strong>Real Madrid<\/strong> jug\u00f3 con fuego ante el Valencia, firm\u00f3 un duelo marcado por la desidia de sus jugadores, m\u00e1s pendientes del encuentro ante el Atl\u00e9tico de la Champions League, y gan\u00f3 2-1 con un tanto de Marcelo que ilumin\u00f3 una tarde peligrosa en la que el conjunto blanco sali\u00f3 con vida gracias a la \u00e9pica.<\/p>\n<p>https:\/\/twitter.com\/realmadrid\/status\/858351754748080129<\/p>\n<p>En los primeros 45 minutos, el Real Madrid mostr\u00f3 alg\u00fan brote verde, sobre todo en las botas de Luka Modric, que despu\u00e9s de un par de meses casi desaparecido parece que vuelve a su ser poco a poco. Un buen Modric en el momento cumbre del curso es important\u00edsimo para el equipo de Zidane. Pero tambi\u00e9n sobresali\u00f3 Carvajal, inmenso por la banda derecha.<\/p>\n<p style=\"text-align: center;\"><span style=\"color: #3366ff;\"><a style=\"color: #3366ff;\" href=\"https:\/\/www.futboltotal.com.mx\/2017\/04\/resultados-liga-espana-real-sociedad-2-1-granada\/\">LEER M\u00c1S: Vela y la Real Sociedad ponen a Ochoa en Segunda<\/a><\/span><\/p>\n<p>Con esas luces y esas sombras, el Real Madrid tuvo que cocer a fuego lento el gol de Cristiano, que tard\u00f3 en llegar exactamente 27 minutos. El portugu\u00e9s, de nuevo al primer toque, a lo Hugo S\u00e1nchez y de cabeza tras un gran centro de Carvajal desde la banda derecha, abri\u00f3 el marcador para acabar con la tela de ara\u00f1a tejida por el Valencia.<\/p>\n<blockquote class=\"twitter-video\" data-lang=\"es\">\n<p dir=\"ltr\" lang=\"es\">Gool del Real Madrid. CRISTIANO RONALDO de Cabeza. 1-0 gana el Madrid al Valencia Minuto 27<br \/>\n&#x1f447;&#x1f447;\u26bd\u26bd&#x1f447;&#x1f447; <a href=\"https:\/\/t.co\/xcNt3tRaTR\">pic.twitter.com\/xcNt3tRaTR<\/a><\/p>\n<p>\u2014 Daniel Mill\u00e1n Perea (@DMillan02) <a href=\"https:\/\/twitter.com\/DMillan02\/status\/858331226977042433\">29 de abril de 2017<\/a><\/p><\/blockquote>\n<p><script async src=\"\/\/platform.twitter.com\/widgets.js\" charset=\"utf-8\"><\/script><\/p>\n<p>Cristiano, de nuevo, choc\u00f3 contra su muro particular y Alves detuvo el tercer penalti de los cuatro que le ha lanzado el luso desde que juegan en la Liga. Un dato curioso pero relevante y que, en esta ocasi\u00f3n evit\u00f3 el 2-0 blanco, que pas\u00f3 de la tranquilidad a jugar con fuego.<\/p>\n<blockquote class=\"twitter-video\" data-lang=\"es\">\n<p dir=\"ltr\" lang=\"es\">Diego alves parapenales&#8230; <a href=\"https:\/\/t.co\/zKVV8SIi7w\">pic.twitter.com\/zKVV8SIi7w<\/a><\/p>\n<p>\u2014 angelll (@angelmg201) <a href=\"https:\/\/twitter.com\/angelmg201\/status\/858342692912336897\">29 de abril de 2017<\/a><\/p><\/blockquote>\n<p><script async src=\"\/\/platform.twitter.com\/widgets.js\" charset=\"utf-8\"><\/script><\/p>\n<p>Benzema fue sustituido entre silbidos, entr\u00f3 \u00c1lvaro Morata y, poco antes, en el 65, Asensio. Hab\u00eda que matar el partido y Zidane quiso dar ox\u00edgeno e ideas a los suyos. Pero \u00e9stas no llegaron, el Real Madrid vivi\u00f3 al borde del precipicio y se cay\u00f3 por \u00e9l con un golazo de Parejo de falta a siete minutos del final.<\/p>\n<p>Entonces, de repente, por arte de magia, esa falta de ritmo ausente durante casi todo el duelo emergi\u00f3 en el Real Madrid, que subi\u00f3 sus revoluciones para conseguir la victoria con un gol de Marcelo cuando el tiempo se acababa. El brasile\u00f1o se erigi\u00f3 como el h\u00e9roe de un d\u00eda en el que el Real Madrid sum\u00f3 tres puntos importantes para seguir luchando por la Liga.<\/p>\n<blockquote class=\"twitter-tweet\" data-width=\"500\">\n<p lang=\"es\" dir=\"ltr\">El gol de Marcelo con el que el Madrid lo gana al 85 vs el Valencia <a href=\"https:\/\/t.co\/mbQBA9kIMb\">pic.twitter.com\/mbQBA9kIMb<\/a><\/p>\n<p>&mdash; Victor Ruiz (@vicruiz) <a href=\"https:\/\/twitter.com\/vicruiz\/status\/858353112184225792\">April 29, 2017<\/a><\/p><\/blockquote>\n<p><script async src=\"\/\/platform.twitter.com\/widgets.js\" charset=\"utf-8\"><\/script><\/p>\n","protected":false},"excerpt":{"rendered":"<p>Los Merengues salieron pensando en su duelo de Champions League.<\/p>\n","protected":false},"author":144,"featured_media":476503,"comment_status":"closed","ping_status":"closed","sticky":false,"template":"","format":"standard","meta":[],"categories":[5,3839],"tags":[1913,5988,87],"_links":{"self":[{"href":"http:\/\/desarrollo.grupomedios.com\/futbol\/wp-json\/wp\/v2\/posts\/476502"}],"collection":[{"href":"http:\/\/desarrollo.grupomedios.com\/futbol\/wp-json\/wp\/v2\/posts"}],"about":[{"href":"http:\/\/desarrollo.grupomedios.com\/futbol\/wp-json\/wp\/v2\/types\/post"}],"author":[{"embeddable":true,"href":"http:\/\/desarrollo.grupomedios.com\/futbol\/wp-json\/wp\/v2\/users\/144"}],"replies":[{"embeddable":true,"href":"http:\/\/desarrollo.grupomedios.com\/futbol\/wp-json\/wp\/v2\/comments?post=476502"}],"version-history":[{"count":1,"href":"http:\/\/desarrollo.grupomedios.com\/futbol\/wp-json\/wp\/v2\/posts\/476502\/revisions"}],"predecessor-version":[{"id":476504,"href":"http:\/\/desarrollo.grupomedios.com\/futbol\/wp-json\/wp\/v2\/posts\/476502\/revisions\/476504"}],"wp:featuredmedia":[{"embeddable":true,"href":"http:\/\/desarrollo.grupomedios.com\/futbol\/wp-json\/wp\/v2\/media\/476503"}],"wp:attachment":[{"href":"http:\/\/desarrollo.grupomedios.com\/futbol\/wp-json\/wp\/v2\/media?parent=476502"}],"wp:term":[{"taxonomy":"category","embeddable":true,"href":"http:\/\/desarrollo.grupomedios.com\/futbol\/wp-json\/wp\/v2\/categories?post=476502"},{"taxonomy":"post_tag","embeddable":true,"href":"http:\/\/desarrollo.grupomedios.com\/futbol\/wp-json\/wp\/v2\/tags?post=476502"}],"curies":[{"name":"wp","href":"https:\/\/api.w.org\/{rel}","templated":true}]}}