{"id":476715,"date":"2017-04-30T14:50:53","date_gmt":"2017-04-30T19:50:53","guid":{"rendered":"https:\/\/www.futboltotal.com.mx\/?p=476715"},"modified":"2017-04-30T14:50:53","modified_gmt":"2017-04-30T19:50:53","slug":"peligra-sueno-europeo-eintracht-fabian","status":"publish","type":"post","link":"http:\/\/desarrollo.grupomedios.com\/futbol\/destacado-home\/peligra-sueno-europeo-eintracht-fabian\/2017\/04","title":{"rendered":"Peligra sue\u00f1o europeo para Eintracht y Fabi\u00e1n"},"content":{"rendered":"<p>El <strong>Hoffenheim<\/strong> logr\u00f3 el triunfo ante el <strong>Eintracht Frankfurt<\/strong>\u00a0en el \u00faltimo minuto y recuper\u00f3 el tercer puesto de la Bundesliga en detrimento del Borussia Dortmund, que el s\u00e1bado empat\u00f3 sin goles contra el Colonia.<\/p>\n<p>Un c\u00f3rner botado por Sebastian Rudy fue rematado de cabeza por Benjamini Hubner, que dio los tres puntos al conjunto local, que rentabiliz\u00f3 el tropiezo del Dortmund, que cae a la cuarta plaza.<\/p>\n<p style=\"text-align: center;\"><span style=\"color: #3366ff;\">VER M\u00c1S: Todas las noticias de futbol internacional<\/span><\/p>\n<blockquote class=\"twitter-tweet\" data-lang=\"es\">\n<p dir=\"ltr\" lang=\"es\">90+4&#8242; Se termin\u00f3 el partido &#x1f615;<a href=\"https:\/\/twitter.com\/achtzehn99\">@achtzehn99<\/a> 1-0 <a href=\"https:\/\/twitter.com\/hashtag\/Eintracht?src=hash\">#Eintracht<\/a><a href=\"https:\/\/twitter.com\/hashtag\/TSGSGE?src=hash\">#TSGSGE<\/a> <a href=\"https:\/\/t.co\/IBV5ZMDvZz\">pic.twitter.com\/IBV5ZMDvZz<\/a><\/p>\n<p>\u2014 eintracht_esp (@eintracht_esp) <a href=\"https:\/\/twitter.com\/eintracht_esp\/status\/858733155091714048\">30 de abril de 2017<\/a><\/p><\/blockquote>\n<p><script async src=\"\/\/platform.twitter.com\/widgets.js\" charset=\"utf-8\"><\/script><\/p>\n<p>El <strong>Eintracht<\/strong>, que no termina de encadenar dos victorias seguidas, se aleja de los primeros puestos y de la posibilidad de disputar un torneo europeo el pr\u00f3ximo a\u00f1o.<\/p>\n<p>No fue la noche del mediocampista mexicano <strong>Marco Fabi\u00e1n<\/strong>, quien se qued\u00f3 sin marcar cortando la buena racha que hab\u00eda tenido marcado cuatro goles en el mismo n\u00famero de encuentros.<\/p>\n<p>El Eintracht se desplom\u00f3 hasta el sitio 11 de la clasificaci\u00f3n, quedando estancado en 41 puntos y el Hoffenheim se qued\u00f3 con la tercera plaza al acumular 58 puntos, uno m\u00e1s que el Borussia Dortmund.<\/p>\n<p>Previamente, el Augsburgo sum\u00f3 su segunda victoria en los \u00faltimos tres partidos para salir de la parte baja y complicar al Hamburgo (4-0), que cae a puesto de promoci\u00f3n despu\u00e9s de sumar su tercera<br \/>\nderrota seguida.<\/p>\n<p>Un doblete del turco Halil Altintop a la media hora y poco antes del descanso encarril\u00f3 la goleada del Augsburgo, que redonde\u00f3 su actuaci\u00f3n en el tramo final. Philipp Max anoto el tercero y el paraguayo Raul Bobadilla el cuarto.<\/p>\n<p><strong>S\u00edguenos en <a href=\"https:\/\/twitter.com\/MXFutbolTotal\">@MXFutbolTotal<\/a><\/strong><\/p>\n","protected":false},"excerpt":{"rendered":"<p>El mediocampista fue titular y no pudo marcar por cuarto partido consecutivo. <\/p>\n","protected":false},"author":20,"featured_media":476716,"comment_status":"closed","ping_status":"closed","sticky":false,"template":"","format":"standard","meta":[],"categories":[5,3839,6822,6718],"tags":[3588,131],"_links":{"self":[{"href":"http:\/\/desarrollo.grupomedios.com\/futbol\/wp-json\/wp\/v2\/posts\/476715"}],"collection":[{"href":"http:\/\/desarrollo.grupomedios.com\/futbol\/wp-json\/wp\/v2\/posts"}],"about":[{"href":"http:\/\/desarrollo.grupomedios.com\/futbol\/wp-json\/wp\/v2\/types\/post"}],"author":[{"embeddable":true,"href":"http:\/\/desarrollo.grupomedios.com\/futbol\/wp-json\/wp\/v2\/users\/20"}],"replies":[{"embeddable":true,"href":"http:\/\/desarrollo.grupomedios.com\/futbol\/wp-json\/wp\/v2\/comments?post=476715"}],"version-history":[{"count":1,"href":"http:\/\/desarrollo.grupomedios.com\/futbol\/wp-json\/wp\/v2\/posts\/476715\/revisions"}],"predecessor-version":[{"id":476717,"href":"http:\/\/desarrollo.grupomedios.com\/futbol\/wp-json\/wp\/v2\/posts\/476715\/revisions\/476717"}],"wp:featuredmedia":[{"embeddable":true,"href":"http:\/\/desarrollo.grupomedios.com\/futbol\/wp-json\/wp\/v2\/media\/476716"}],"wp:attachment":[{"href":"http:\/\/desarrollo.grupomedios.com\/futbol\/wp-json\/wp\/v2\/media?parent=476715"}],"wp:term":[{"taxonomy":"category","embeddable":true,"href":"http:\/\/desarrollo.grupomedios.com\/futbol\/wp-json\/wp\/v2\/categories?post=476715"},{"taxonomy":"post_tag","embeddable":true,"href":"http:\/\/desarrollo.grupomedios.com\/futbol\/wp-json\/wp\/v2\/tags?post=476715"}],"curies":[{"name":"wp","href":"https:\/\/api.w.org\/{rel}","templated":true}]}}