{"id":476736,"date":"2017-05-01T10:34:54","date_gmt":"2017-05-01T15:34:54","guid":{"rendered":"https:\/\/www.futboltotal.com.mx\/?p=476736"},"modified":"2017-05-01T10:34:54","modified_gmt":"2017-05-01T15:34:54","slug":"nos-dejo-la-jornada-16-del-clausura-2017","status":"publish","type":"post","link":"http:\/\/desarrollo.grupomedios.com\/futbol\/futbol-mexicano\/nos-dejo-la-jornada-16-del-clausura-2017\/2017\/05","title":{"rendered":"\u00bfQu\u00e9 nos dej\u00f3 la Jornada 16 del Clausura 2017?"},"content":{"rendered":"<p>Termin\u00f3 la <strong>Jornada 16 del Clausura 2017<\/strong> de la Liga MX y en <strong>Futbol Total<\/strong> te presentamos un recuento con algunos de los momentos m\u00e1s relevantes que marcaron esta fecha. Te adelantamos que la lucha por entrar a Liguilla, librar el descenso y hasta el t\u00edtulo de goleo se definir\u00e1n en la \u00faltima jornada.<\/p>\n<p style=\"text-align: center;\"><a href=\"https:\/\/www.futboltotal.com.mx\/2017\/05\/11-ideal-la-jornada-16-del-clausura-2017\/\"><span style=\"color: #3366ff;\">VER M\u00c1S: El 11 ideal de la Jornada 16<\/span><\/a><\/p>\n<p><script type=\"text\/javascript\" src=\"\/\/cdn.playbuzz.com\/widget\/feed.js\"><\/script><\/p>\n<div class=\"pb_feed\" data-embed-by=\"d43f3879-83ed-40bc-99d7-fde80605466f\" data-item=\"95777808-9c6e-4af1-b6b9-137a6cebf4e0\" data-recommend=\"false\" data-game-info=\"false\" data-version=\"2\"><\/div>\n","protected":false},"excerpt":{"rendered":"<p>Clasificados, t\u00edtulo de goleo, descenso y lo m\u00e1s destacado que ocurri\u00f3 el fin de semana en la Liga MX.<\/p>\n","protected":false},"author":20,"featured_media":476809,"comment_status":"closed","ping_status":"closed","sticky":false,"template":"","format":"standard","meta":[],"categories":[7570,2198,3845],"tags":[7732,64],"_links":{"self":[{"href":"http:\/\/desarrollo.grupomedios.com\/futbol\/wp-json\/wp\/v2\/posts\/476736"}],"collection":[{"href":"http:\/\/desarrollo.grupomedios.com\/futbol\/wp-json\/wp\/v2\/posts"}],"about":[{"href":"http:\/\/desarrollo.grupomedios.com\/futbol\/wp-json\/wp\/v2\/types\/post"}],"author":[{"embeddable":true,"href":"http:\/\/desarrollo.grupomedios.com\/futbol\/wp-json\/wp\/v2\/users\/20"}],"replies":[{"embeddable":true,"href":"http:\/\/desarrollo.grupomedios.com\/futbol\/wp-json\/wp\/v2\/comments?post=476736"}],"version-history":[{"count":3,"href":"http:\/\/desarrollo.grupomedios.com\/futbol\/wp-json\/wp\/v2\/posts\/476736\/revisions"}],"predecessor-version":[{"id":476810,"href":"http:\/\/desarrollo.grupomedios.com\/futbol\/wp-json\/wp\/v2\/posts\/476736\/revisions\/476810"}],"wp:featuredmedia":[{"embeddable":true,"href":"http:\/\/desarrollo.grupomedios.com\/futbol\/wp-json\/wp\/v2\/media\/476809"}],"wp:attachment":[{"href":"http:\/\/desarrollo.grupomedios.com\/futbol\/wp-json\/wp\/v2\/media?parent=476736"}],"wp:term":[{"taxonomy":"category","embeddable":true,"href":"http:\/\/desarrollo.grupomedios.com\/futbol\/wp-json\/wp\/v2\/categories?post=476736"},{"taxonomy":"post_tag","embeddable":true,"href":"http:\/\/desarrollo.grupomedios.com\/futbol\/wp-json\/wp\/v2\/tags?post=476736"}],"curies":[{"name":"wp","href":"https:\/\/api.w.org\/{rel}","templated":true}]}}