{"id":476808,"date":"2017-05-01T10:39:54","date_gmt":"2017-05-01T15:39:54","guid":{"rendered":"https:\/\/www.futboltotal.com.mx\/?p=476808"},"modified":"2017-05-01T10:39:54","modified_gmt":"2017-05-01T15:39:54","slug":"pelaez-me-hubiera-tomado-cafe-azcarraga-seguiria","status":"publish","type":"post","link":"http:\/\/desarrollo.grupomedios.com\/futbol\/futbol-mexicano\/pelaez-me-hubiera-tomado-cafe-azcarraga-seguiria\/2017\/05","title":{"rendered":"Pel\u00e1ez: &#8220;Si me hubiera tomado un caf\u00e9 con Azc\u00e1rraga, seguir\u00eda&#8221;"},"content":{"rendered":"<p>Pese a que se dice que el hubiera no existe, <strong>Ricardo Pel\u00e1ez<\/strong>, ahora ex presidente deportivo del <strong>Am\u00e9rica<\/strong>, considera que gran parte de <a href=\"https:\/\/www.futboltotal.com.mx\/2017\/04\/america-quiso-esperar-despide-a-ricardo-pelaez\/\">su adelantada salida del cuadro americanista<\/a> se dio debido a falta de comunicaci\u00f3n con <strong>Emilio Azc\u00e1rraga Jean<\/strong>, due\u00f1o de <strong>Grupo Televisa<\/strong> y de las <em>\u00c1guilas<\/em>.<\/p>\n<p>&#8220;Hubo una gran comunicaci\u00f3n con las partes, se respetaron mucho las funciones de cada quien. Creo que es la parte del \u00e9xito de un proyecto y lo que es la comunicaci\u00f3n se fue desvirtuando a la salida de <strong>Yon de Luisa<\/strong> a Deportes de Televisa, nos quedamos <strong>Pepe<\/strong> (<strong>Romano<\/strong>) y yo, y yo estoy seguro de que si me hubiera tomado un caf\u00e9 con el se\u00f1or Azc\u00e1rraga no hubiera pasado absolutamente nada&#8221;, asegur\u00f3 en entrevista con Imagen TV.<\/p>\n<p style=\"text-align: center;\"><span style=\"color: #333399;\"><a style=\"color: #333399;\" href=\"https:\/\/www.futboltotal.com.mx\/2017\/05\/11-ideal-la-jornada-16-del-clausura-2017\/\">VER M\u00c1S: El 11 ideal de la jornada 16 del Clausura 2017<\/a><\/span><\/p>\n<p>Una reuni\u00f3n directiva agendada para el pr\u00f3ximo 7 de mayo, en la cual no estaba invitado Pel\u00e1ez, fue el detonante para que Ricardo decidiera no seguir hasta el final del torneo, o que en Am\u00e9rica ya no quisieran que Pel\u00e1ez concluyera el Clausura 2017 en su cargo.<\/p>\n<p>&#8220;Yo me confundo cuando tengo una reuni\u00f3n un d\u00eda antes con Yon de Luisa. Le dije que iba a hablar con los jugadores, porque siempre fui de frente con ellos, porque son los que me hacen ganar. Voy al otro d\u00eda, les platico lo que va a suceder. Salgo a la prensa y por ah\u00ed se rompi\u00f3, o no entend\u00ed bien, y se rompi\u00f3 el v\u00ednculo. Me dijeron que ya no me presentara a la reuni\u00f3n del 7 de mayo&#8221;, agreg\u00f3 el ex directivo.<\/p>\n<p style=\"text-align: center;\"><span style=\"color: #333399;\"><a style=\"color: #333399;\" href=\"https:\/\/www.futboltotal.com.mx\/2017\/05\/revive-todos-los-goles-la-jornada-16-del-clausura-2017\/\">VER M\u00c1S: Revive todos los goles de la jornada 16 del Clausura 2017<\/a><\/span><\/p>\n","protected":false},"excerpt":{"rendered":"<p>Ricardo Pel\u00e1ez, ex presidente deportivo de las \u00c1guilas, se\u00f1ala falta de comunicaci\u00f3n.<\/p>\n","protected":false},"author":20,"featured_media":460722,"comment_status":"closed","ping_status":"closed","sticky":false,"template":"","format":"standard","meta":[],"categories":[2198,3845],"tags":[1585,5959,7732,2274,349],"_links":{"self":[{"href":"http:\/\/desarrollo.grupomedios.com\/futbol\/wp-json\/wp\/v2\/posts\/476808"}],"collection":[{"href":"http:\/\/desarrollo.grupomedios.com\/futbol\/wp-json\/wp\/v2\/posts"}],"about":[{"href":"http:\/\/desarrollo.grupomedios.com\/futbol\/wp-json\/wp\/v2\/types\/post"}],"author":[{"embeddable":true,"href":"http:\/\/desarrollo.grupomedios.com\/futbol\/wp-json\/wp\/v2\/users\/20"}],"replies":[{"embeddable":true,"href":"http:\/\/desarrollo.grupomedios.com\/futbol\/wp-json\/wp\/v2\/comments?post=476808"}],"version-history":[{"count":2,"href":"http:\/\/desarrollo.grupomedios.com\/futbol\/wp-json\/wp\/v2\/posts\/476808\/revisions"}],"predecessor-version":[{"id":476812,"href":"http:\/\/desarrollo.grupomedios.com\/futbol\/wp-json\/wp\/v2\/posts\/476808\/revisions\/476812"}],"wp:featuredmedia":[{"embeddable":true,"href":"http:\/\/desarrollo.grupomedios.com\/futbol\/wp-json\/wp\/v2\/media\/460722"}],"wp:attachment":[{"href":"http:\/\/desarrollo.grupomedios.com\/futbol\/wp-json\/wp\/v2\/media?parent=476808"}],"wp:term":[{"taxonomy":"category","embeddable":true,"href":"http:\/\/desarrollo.grupomedios.com\/futbol\/wp-json\/wp\/v2\/categories?post=476808"},{"taxonomy":"post_tag","embeddable":true,"href":"http:\/\/desarrollo.grupomedios.com\/futbol\/wp-json\/wp\/v2\/tags?post=476808"}],"curies":[{"name":"wp","href":"https:\/\/api.w.org\/{rel}","templated":true}]}}