{"id":476813,"date":"2017-05-01T11:00:52","date_gmt":"2017-05-01T16:00:52","guid":{"rendered":"https:\/\/www.futboltotal.com.mx\/?p=476813"},"modified":"2017-05-01T11:00:52","modified_gmt":"2017-05-01T16:00:52","slug":"adrian-goransch-perla-mexicana-del-wolfsburgo-sueno-ir-al-tri","status":"publish","type":"post","link":"http:\/\/desarrollo.grupomedios.com\/futbol\/futbol-mexicano\/adrian-goransch-perla-mexicana-del-wolfsburgo-sueno-ir-al-tri\/2017\/05","title":{"rendered":"Adrian Goransch, perla mexicana del Wolfsburg: &#8220;Sue\u00f1o ir al Tri&#8221;"},"content":{"rendered":"<p>La globalizaci\u00f3n y su explosi\u00f3n en las \u00faltimas d\u00e9cadas ha venido a afectar todo \u00e1mbito de la vida, incluyendo el futbol. Prueba de ello es que un chico de 18 a\u00f1os, con ra\u00edces mexicanas, desde ni\u00f1o viva en <strong>Alemania<\/strong> y se forja\u00a0un lugar en el balompi\u00e9 de \u00e9lite con <strong>Wolfsburg<\/strong>, pero su sue\u00f1o es representar a la <strong>Selecci\u00f3n Mexicana<\/strong> por encima de la alemana. Su nombre es <strong>Adrian Goransch<\/strong>.<\/p>\n<p>&#8220;Pienso que la primera selecci\u00f3n que inicia el contacto tiene un punto a su favor, pero para m\u00ed siempre ha sido un sue\u00f1o jugar un Mundial para M\u00e9xico. Todav\u00eda no me han contactado, pero ya estuvieron aqu\u00ed hace unos a\u00f1os.<\/p>\n<p>\u201cTodav\u00eda es un largo camino hasta all\u00ed, pero ojal\u00e1 sea lo m\u00e1s r\u00e1pido posible. Ahorita me concentro en las metas que tengo con mi equipo, como ganar el campeonato de Alemania (en la categor\u00eda Sub 19)&#8221;, dijo el jugador mexico-alem\u00e1n en entrevista con R\u00e9cord.<\/p>\n<p style=\"text-align: center;\"><span style=\"color: #333399;\"><a style=\"color: #333399;\" href=\"https:\/\/www.futboltotal.com.mx\/2017\/04\/pronto-habria-3-mexicanos-en-la-bundesliga-uno-wolfsburg\/\">VER M\u00c1S: Pronto habr\u00eda 3 mexicanos en la Bundesliga, uno con el Wolfsburg<\/a><\/span><\/p>\n<p>La historia de Adrian ya es conocida en territorio mexicano desde hace tiempo, cuando trascendi\u00f3 que un chico en las divisiones inferiores del Wolfsburg era seguido por Dennis te Klose, responsable de Selecciones Menores del Tri, quien incluso hab\u00eda\u00a0tenido contactos con \u00e9l.<\/p>\n<p>&#8220;Llegu\u00e9 a Alemania por mi padre que trabaja para Volkswagen.\u00a0 Mi padre es alem\u00e1n y mi madre mexicana, y decidieron venir a Alemania&#8221;, recuerda el futbolista, quien juega de mediocampista ofensivo.<\/p>\n<p>Adrian conoce muy bien a varias de las figuras mexicanas que participan tanto con el Tri como en el futbol internacional y confiesa su predilecci\u00f3n por Giovani Dos Santos.<\/p>\n<p>&#8220;A m\u00ed me encanta Giovani desde el Mundial del 2010. Me encant\u00f3 c\u00f3mo jugaba y con el gol que hizo contra Estados Unidos (en la Final de la Copa Oro del 2011), se convirti\u00f3 en un jugador que admiro&#8221;, dijo el juvenil.<\/p>\n<p style=\"text-align: center;\"><span style=\"color: #333399;\"><a style=\"color: #333399;\" href=\"https:\/\/www.futboltotal.com.mx\/2017\/01\/adrian-goransch-tercer-mexicano-juega-en-alemania\/\">VER M\u00c1S: Adrian Goransch, el tercer mexicano que juega en Alemania<\/a><\/span><\/p>\n<p>Incluso, Goransch sigue el futbol mexicano, un\u00a0torneo que no le desagrada para, en un futuro, sumar a sus experiencias en este deporte y hasta tiene un equipo favorito de la Liga MX.<\/p>\n<p>&#8220;Me gustar\u00eda jugar all\u00ed porque es un futbol diferente, pero me gustar\u00eda incrementar mi experiencia (llegar a la <strong>Bundesliga<\/strong>). Sigo a Pumas porque de ni\u00f1o me encantaba la camiseta&#8221;, concluy\u00f3.<\/p>\n","protected":false},"excerpt":{"rendered":"<p>Goransch, jugador del Wolfsburg Sub 19, tiene entre sus metas llegar a la Selecci\u00f3n Mexicana.<\/p>\n","protected":false},"author":20,"featured_media":456185,"comment_status":"closed","ping_status":"closed","sticky":false,"template":"","format":"standard","meta":[],"categories":[3839,2198,6822,6718,3847],"tags":[8120,119,409,8121],"_links":{"self":[{"href":"http:\/\/desarrollo.grupomedios.com\/futbol\/wp-json\/wp\/v2\/posts\/476813"}],"collection":[{"href":"http:\/\/desarrollo.grupomedios.com\/futbol\/wp-json\/wp\/v2\/posts"}],"about":[{"href":"http:\/\/desarrollo.grupomedios.com\/futbol\/wp-json\/wp\/v2\/types\/post"}],"author":[{"embeddable":true,"href":"http:\/\/desarrollo.grupomedios.com\/futbol\/wp-json\/wp\/v2\/users\/20"}],"replies":[{"embeddable":true,"href":"http:\/\/desarrollo.grupomedios.com\/futbol\/wp-json\/wp\/v2\/comments?post=476813"}],"version-history":[{"count":1,"href":"http:\/\/desarrollo.grupomedios.com\/futbol\/wp-json\/wp\/v2\/posts\/476813\/revisions"}],"predecessor-version":[{"id":476814,"href":"http:\/\/desarrollo.grupomedios.com\/futbol\/wp-json\/wp\/v2\/posts\/476813\/revisions\/476814"}],"wp:featuredmedia":[{"embeddable":true,"href":"http:\/\/desarrollo.grupomedios.com\/futbol\/wp-json\/wp\/v2\/media\/456185"}],"wp:attachment":[{"href":"http:\/\/desarrollo.grupomedios.com\/futbol\/wp-json\/wp\/v2\/media?parent=476813"}],"wp:term":[{"taxonomy":"category","embeddable":true,"href":"http:\/\/desarrollo.grupomedios.com\/futbol\/wp-json\/wp\/v2\/categories?post=476813"},{"taxonomy":"post_tag","embeddable":true,"href":"http:\/\/desarrollo.grupomedios.com\/futbol\/wp-json\/wp\/v2\/tags?post=476813"}],"curies":[{"name":"wp","href":"https:\/\/api.w.org\/{rel}","templated":true}]}}