{"id":476824,"date":"2017-05-01T14:26:11","date_gmt":"2017-05-01T19:26:11","guid":{"rendered":"https:\/\/www.futboltotal.com.mx\/?p=476824"},"modified":"2017-05-01T14:26:11","modified_gmt":"2017-05-01T19:26:11","slug":"gerardo-torrado-anuncio-fecha-dira-adios-futbol","status":"publish","type":"post","link":"http:\/\/desarrollo.grupomedios.com\/futbol\/destacado-home\/gerardo-torrado-anuncio-fecha-dira-adios-futbol\/2017\/05","title":{"rendered":"Gerardo Torrado anunci\u00f3 la fecha en que dir\u00e1 adi\u00f3s al futbol"},"content":{"rendered":"<p>La carrera del mexicano <strong>Gerardo Torrado<\/strong>, actual jugador del <strong>Indy Eleven<\/strong> de la <strong>North America Soccer League<\/strong> (Segunda Divisi\u00f3n estadounidense), estar\u00eda viviendo sus \u00faltimos meses como profesional, pues el ex del <strong><em>Tri<\/em> <\/strong>ha anunciado la fecha para su retiro.<\/p>\n<p>&#8220;Tengo contrato hasta noviembre y probablemente, luego de cumplirlo, ya me retire&#8221;, dijo en entrevista patra R\u00e9cord el <em>Borrego<\/em>, quien en su trayectoria tambi\u00e9n ha vestido las playeras de <strong>Pumas, Tenerife, Polideportivo Ejido, Sevilla, Racing<\/strong> y<strong> Cruz Azul<\/strong>.<\/p>\n<p>&#8220;No lo tengo seguro al 100%, pero tampoco quiero jugar hasta que las piernas ya no me den m\u00e1s, prefiero escoger yo el momento para retirarme. Es algo que he venido valorando junto a mi familia para tomar la mejor decisi\u00f3n&#8221;, confes\u00f3 el mediocampista.<\/p>\n<p style=\"text-align: center;\"><span style=\"color: #333399;\"><a style=\"color: #333399;\" href=\"https:\/\/www.futboltotal.com.mx\/2017\/05\/revive-todos-los-goles-la-jornada-16-del-clausura-2017\/\">VER M\u00c1S: Revive todos los goles de la jornada 16 del Clausura 2017<\/a><\/span><\/p>\n<p>Incluso, Gerardo ya piensa en las opciones para continuar con su vida una vez que cuelgue los botines.<\/p>\n<p>&#8220;Me quiero ir a tomar un curso a Europa, en enero o en septiembre, del a\u00f1o que entra. Tambi\u00e9n me gustar\u00eda regresar a Estados Unidos a dirigir, y con toda esa metodolog\u00eda de trabajo, explotar todas las cualidades que tienen los ni\u00f1os&#8221;, concluy\u00f3.<\/p>\n<p style=\"text-align: center;\"><span style=\"color: #333399;\"><a style=\"color: #333399;\" href=\"https:\/\/www.futboltotal.com.mx\/2017\/05\/11-ideal-la-jornada-16-del-clausura-2017\/\">VER M\u00c1S: El 11 ideal de la jornada 16 del Clausura 2017<\/a><\/span><\/p>\n","protected":false},"excerpt":{"rendered":"<p>Torrado estar\u00eda viviendo sus \u00faltimos meses como profesional.<\/p>\n","protected":false},"author":20,"featured_media":447328,"comment_status":"closed","ping_status":"closed","sticky":false,"template":"","format":"standard","meta":[],"categories":[5,7740,3839,2198],"tags":[379,8536,2453],"_links":{"self":[{"href":"http:\/\/desarrollo.grupomedios.com\/futbol\/wp-json\/wp\/v2\/posts\/476824"}],"collection":[{"href":"http:\/\/desarrollo.grupomedios.com\/futbol\/wp-json\/wp\/v2\/posts"}],"about":[{"href":"http:\/\/desarrollo.grupomedios.com\/futbol\/wp-json\/wp\/v2\/types\/post"}],"author":[{"embeddable":true,"href":"http:\/\/desarrollo.grupomedios.com\/futbol\/wp-json\/wp\/v2\/users\/20"}],"replies":[{"embeddable":true,"href":"http:\/\/desarrollo.grupomedios.com\/futbol\/wp-json\/wp\/v2\/comments?post=476824"}],"version-history":[{"count":1,"href":"http:\/\/desarrollo.grupomedios.com\/futbol\/wp-json\/wp\/v2\/posts\/476824\/revisions"}],"predecessor-version":[{"id":476825,"href":"http:\/\/desarrollo.grupomedios.com\/futbol\/wp-json\/wp\/v2\/posts\/476824\/revisions\/476825"}],"wp:featuredmedia":[{"embeddable":true,"href":"http:\/\/desarrollo.grupomedios.com\/futbol\/wp-json\/wp\/v2\/media\/447328"}],"wp:attachment":[{"href":"http:\/\/desarrollo.grupomedios.com\/futbol\/wp-json\/wp\/v2\/media?parent=476824"}],"wp:term":[{"taxonomy":"category","embeddable":true,"href":"http:\/\/desarrollo.grupomedios.com\/futbol\/wp-json\/wp\/v2\/categories?post=476824"},{"taxonomy":"post_tag","embeddable":true,"href":"http:\/\/desarrollo.grupomedios.com\/futbol\/wp-json\/wp\/v2\/tags?post=476824"}],"curies":[{"name":"wp","href":"https:\/\/api.w.org\/{rel}","templated":true}]}}