{"id":476826,"date":"2017-05-01T14:37:38","date_gmt":"2017-05-01T19:37:38","guid":{"rendered":"https:\/\/www.futboltotal.com.mx\/?p=476826"},"modified":"2017-05-01T14:37:38","modified_gmt":"2017-05-01T19:37:38","slug":"isco-atletico-nos-ganas-las-2-champions-le-ganamos","status":"publish","type":"post","link":"http:\/\/desarrollo.grupomedios.com\/futbol\/futbol-internacional\/isco-atletico-nos-ganas-las-2-champions-le-ganamos\/2017\/05","title":{"rendered":"Isco: &#8220;Atl\u00e9tico nos tiene ganas por las 2 Champions que le ganamos&#8221;"},"content":{"rendered":"<p><strong>Isco Alarc\u00f3n<\/strong>, centrocampista del <strong>Real Madrid<\/strong>, analiz\u00f3 la semifinal de la\u00a0<strong>Champions League<\/strong>\u00a0ante el <strong>Atl\u00e9tico de Madrid<\/strong>, &#8220;un equipo muy complicado&#8221; que lo es a\u00fan m\u00e1s a &#8220;doble partido&#8221;, y admiti\u00f3 que les &#8220;tienen ganas&#8221; tras vencerles en dos finales en los tres \u00faltimos a\u00f1os.<\/p>\n<p>&#8220;El Atl\u00e9tico es un equipo muy complicado y el doble partido lo hace a\u00fan m\u00e1s. Llevo cuatro a\u00f1os en el Madrid y en los cuatro nos hemos enfrentado a ellos en la Champions. Esperemos que sea como en los a\u00f1os anteriores&#8221;, manifest\u00f3 a Codere Apuestas.<\/p>\n<p>&#8220;Nos tienen que tener ganas por las dos Champions que les hemos ganado. El Atl\u00e9tico es un equipo muy bueno, lo ha demostrado, compite muy bien y va a ser una eliminatoria muy igualada&#8221;, a\u00f1adi\u00f3.<\/p>\n<p style=\"text-align: center;\"><span style=\"color: #333399;\"><a style=\"color: #333399;\" href=\"https:\/\/www.futboltotal.com.mx\/2017\/05\/gerardo-torrado-anuncio-fecha-dira-adios-futbol\/\">VER M\u00c1S: Gerardo Torrado anunci\u00f3 fecha en que dir\u00eda adi\u00f3s al futbol<\/a><\/span><\/p>\n<p style=\"text-align: left;\">Isco record\u00f3 las dos finales ganadas por el Real Madrid ante el Atl\u00e9tico en Lisboa, con la conquista de la D\u00e9cima y el gol de Sergio Ramos en el tiempo a\u00f1adido. &#8220;Todav\u00eda se me ponen los pelos de punta. Fue un gol important\u00edsimo, cuando marc\u00f3 supe que no pod\u00edamos perder. Lleg\u00f3 en el momento clave y sent\u00ed que el gol lo hab\u00eda metido yo tambi\u00e9n&#8221;.<\/p>\n<p>Y la tanda de penaltis que dio la Und\u00e9cima al madridismo en Mil\u00e1n. &#8220;Es el momento de m\u00e1s tensi\u00f3n de toda mi carrera. Hay que estar ah\u00ed para vivirlo. Al final, si no hubiera habido desempate en los cinco primeros penaltis habr\u00eda tirado yo alguno tambi\u00e9n&#8221;.<\/p>\n<p>&#8220;Lo importante es que mis compa\u00f1eros los metieron y pudimos llevar la Und\u00e9cima al lugar donde ten\u00eda que estar. En esos momentos yo estaba en mi mundo, solo recuerdo que cuando meti\u00f3 Cristiano el definitivo fuimos corriendo a abrazarle y es un momento que no voy a olvidar nunca&#8221;, rememor\u00f3.<\/p>\n<p style=\"text-align: center;\"><span style=\"color: #333399;\"><a style=\"color: #333399;\" href=\"https:\/\/www.futboltotal.com.mx\/2017\/05\/revive-todos-los-goles-la-jornada-16-del-clausura-2017\/\">VER M\u00c1S: Revive todos los goles de la jornada 16 del Clausura 2017<\/a><\/span><\/p>\n<p style=\"text-align: left;\">Convertido en uno de los jugadores m\u00e1s queridos por la afici\u00f3n del Santiago Bernab\u00e9u, Isco agradeci\u00f3 los continuos gestos de cari\u00f1o que recibe de sus aficionados.<\/p>\n<p>&#8220;Tengo la suerte de tener el cari\u00f1o del Bernab\u00e9u desde el primer d\u00eda que lo pis\u00e9. As\u00ed es m\u00e1s f\u00e1cil. La magia para m\u00ed es el f\u00fatbol, es lo que me hace sentir cada vez que entro a un campo de f\u00fatbol y toco una pelota. As\u00ed definir\u00eda yo lo que es la magia&#8221;, sentenci\u00f3.<\/p>\n","protected":false},"excerpt":{"rendered":"<p>Isco record\u00f3 que en los \u00faltimos a\u00f1os el Real Madrid siempre ha vencido al Atl\u00e9tico en Champions.<\/p>\n","protected":false},"author":144,"featured_media":476828,"comment_status":"closed","ping_status":"closed","sticky":false,"template":"","format":"standard","meta":[],"categories":[3841,3839,3844],"tags":[6007,36,6071,5988],"_links":{"self":[{"href":"http:\/\/desarrollo.grupomedios.com\/futbol\/wp-json\/wp\/v2\/posts\/476826"}],"collection":[{"href":"http:\/\/desarrollo.grupomedios.com\/futbol\/wp-json\/wp\/v2\/posts"}],"about":[{"href":"http:\/\/desarrollo.grupomedios.com\/futbol\/wp-json\/wp\/v2\/types\/post"}],"author":[{"embeddable":true,"href":"http:\/\/desarrollo.grupomedios.com\/futbol\/wp-json\/wp\/v2\/users\/144"}],"replies":[{"embeddable":true,"href":"http:\/\/desarrollo.grupomedios.com\/futbol\/wp-json\/wp\/v2\/comments?post=476826"}],"version-history":[{"count":1,"href":"http:\/\/desarrollo.grupomedios.com\/futbol\/wp-json\/wp\/v2\/posts\/476826\/revisions"}],"predecessor-version":[{"id":476829,"href":"http:\/\/desarrollo.grupomedios.com\/futbol\/wp-json\/wp\/v2\/posts\/476826\/revisions\/476829"}],"wp:featuredmedia":[{"embeddable":true,"href":"http:\/\/desarrollo.grupomedios.com\/futbol\/wp-json\/wp\/v2\/media\/476828"}],"wp:attachment":[{"href":"http:\/\/desarrollo.grupomedios.com\/futbol\/wp-json\/wp\/v2\/media?parent=476826"}],"wp:term":[{"taxonomy":"category","embeddable":true,"href":"http:\/\/desarrollo.grupomedios.com\/futbol\/wp-json\/wp\/v2\/categories?post=476826"},{"taxonomy":"post_tag","embeddable":true,"href":"http:\/\/desarrollo.grupomedios.com\/futbol\/wp-json\/wp\/v2\/tags?post=476826"}],"curies":[{"name":"wp","href":"https:\/\/api.w.org\/{rel}","templated":true}]}}