{"id":476851,"date":"2017-05-01T16:27:55","date_gmt":"2017-05-01T21:27:55","guid":{"rendered":"https:\/\/www.futboltotal.com.mx\/?p=476851"},"modified":"2017-05-01T16:27:55","modified_gmt":"2017-05-01T21:27:55","slug":"definidos-los-horarios-de-la-copa-oro-2017","status":"publish","type":"post","link":"http:\/\/desarrollo.grupomedios.com\/futbol\/futbol-mexicano\/seleccion-mexicana\/definidos-los-horarios-de-la-copa-oro-2017\/2017\/05","title":{"rendered":"Definidos los horarios de la Copa Oro 2017"},"content":{"rendered":"<p>La Confederaci\u00f3n Norte Centroamericana y del Caribe de Futbol (CONCACAF) dio a conocer este lunes los horarios de los partidos de la <strong>Copa Oro 2017<\/strong>, que iniciar\u00e1 el viernes 7 de julio.<\/p>\n<p>El partido inaugural ser\u00e1 en el estadio Red Bull Arena de Nueva Jersey, donde Guyana Francesa se ver\u00e1 las caras a las 19:00 horas local (18:00 del centro de M\u00e9xico). Mientras que el estelar entre Honduras y Costa Rica ser\u00e1 a las 21:30 (20:30 del centro de M\u00e9xico).<\/p>\n<p style=\"text-align: center;\"><a href=\"https:\/\/www.futboltotal.com.mx\/futbol-mexicano\/seleccion-mexicana\/\"><span style=\"color: #3366ff;\">VER M\u00c1S: Todas las noticias de Selecci\u00f3n Mexicana<\/span><\/a><\/p>\n<p><strong>La Selecci\u00f3n Nacional de M\u00e9xico<\/strong> comenzar\u00e1 la defensa de su t\u00edtulo el domingo 9 de julio en el estadio Qualcomm de San Diego, California, donde se ver\u00e1 las caras con El Salvador a las 18:30 hora local (20:30 del centro de M\u00e9xico).<\/p>\n<p>Su segundo encuentro ser\u00e1 el 13 de julio con su similar de Jamaica, encuentro que se desarrollar\u00e1 a las 20:30 hora local (21:30 del centro de M\u00e9xico) en el Sport Autohority Field de Denver, Colorado.<\/p>\n<p>El cuadro mexicano cerrar\u00e1 su participaci\u00f3n en la primera fase el 16 de julio en el estadio Alamodome de San Antonio a las 19:30 horas local (misma hora del centro de M\u00e9xico.<\/p>\n<p>La final del certamen m\u00e1s importante de selecciones nacionales de la Concacaf se jugar\u00e1 a las 18:30 hora local (20:30 del centro de M\u00e9xico) en Santa Clara, California.<\/p>\n<p><span style=\"color: #3366ff;\"><strong>S\u00edguenos en <a style=\"color: #3366ff;\" href=\"https:\/\/twitter.com\/MXFutbolTotal\">@MXFutbolTotal<\/a><\/strong><\/span><\/p>\n<p>&nbsp;<\/p>\n","protected":false},"excerpt":{"rendered":"<p>As\u00ed quedaron los horarios para los tres partidos de la Selecci\u00f3n Mexicana.<\/p>\n","protected":false},"author":20,"featured_media":476853,"comment_status":"closed","ping_status":"closed","sticky":false,"template":"","format":"standard","meta":[],"categories":[3938,3847],"tags":[7666],"_links":{"self":[{"href":"http:\/\/desarrollo.grupomedios.com\/futbol\/wp-json\/wp\/v2\/posts\/476851"}],"collection":[{"href":"http:\/\/desarrollo.grupomedios.com\/futbol\/wp-json\/wp\/v2\/posts"}],"about":[{"href":"http:\/\/desarrollo.grupomedios.com\/futbol\/wp-json\/wp\/v2\/types\/post"}],"author":[{"embeddable":true,"href":"http:\/\/desarrollo.grupomedios.com\/futbol\/wp-json\/wp\/v2\/users\/20"}],"replies":[{"embeddable":true,"href":"http:\/\/desarrollo.grupomedios.com\/futbol\/wp-json\/wp\/v2\/comments?post=476851"}],"version-history":[{"count":1,"href":"http:\/\/desarrollo.grupomedios.com\/futbol\/wp-json\/wp\/v2\/posts\/476851\/revisions"}],"predecessor-version":[{"id":476856,"href":"http:\/\/desarrollo.grupomedios.com\/futbol\/wp-json\/wp\/v2\/posts\/476851\/revisions\/476856"}],"wp:featuredmedia":[{"embeddable":true,"href":"http:\/\/desarrollo.grupomedios.com\/futbol\/wp-json\/wp\/v2\/media\/476853"}],"wp:attachment":[{"href":"http:\/\/desarrollo.grupomedios.com\/futbol\/wp-json\/wp\/v2\/media?parent=476851"}],"wp:term":[{"taxonomy":"category","embeddable":true,"href":"http:\/\/desarrollo.grupomedios.com\/futbol\/wp-json\/wp\/v2\/categories?post=476851"},{"taxonomy":"post_tag","embeddable":true,"href":"http:\/\/desarrollo.grupomedios.com\/futbol\/wp-json\/wp\/v2\/tags?post=476851"}],"curies":[{"name":"wp","href":"https:\/\/api.w.org\/{rel}","templated":true}]}}