{"id":476919,"date":"2017-05-02T10:55:27","date_gmt":"2017-05-02T15:55:27","guid":{"rendered":"https:\/\/www.futboltotal.com.mx\/?p=476919"},"modified":"2017-05-03T07:42:17","modified_gmt":"2017-05-03T12:42:17","slug":"real-madrid-recordo-junto-a-chicharito-gol-ante-atletico","status":"publish","type":"post","link":"http:\/\/desarrollo.grupomedios.com\/futbol\/futbol-internacional\/real-madrid-recordo-junto-a-chicharito-gol-ante-atletico\/2017\/05","title":{"rendered":"Real Madrid record\u00f3 junto a Chicharito su gol ante Atl\u00e9tico"},"content":{"rendered":"<p>Como antesala del gran duelo que se vivir\u00e1 en semifinales de la <strong>Champions League<\/strong> 2016-2017 entre <strong>Real Madrid<\/strong> y <strong>Atl\u00e9tico de Madrid<\/strong>, ya una rivalidad recurrente en los \u00faltimos a\u00f1os, el cuadro <em>Merengue<\/em> quiso crear pol\u00e9mica\u00a0con la afici\u00f3n rival y demostr\u00f3 que no olvida al delantero mexicano <strong>Javier <em>Chicharito<\/em> Hern\u00e1ndez<\/strong>.<\/p>\n<p>En su cuenta de Twitter, el Madrid record\u00f3 el gol que <em>Chicharito<\/em> le marc\u00f3 a los <span style=\"text-decoration: underline;\"><em>Colchoneros<\/em><\/span> en el juego de vuelta de los cuartos de final de la Champions 2014-2015, con el que los blancos avanzaron a semifinales.<\/p>\n<p style=\"text-align: center;\"><a href=\"https:\/\/www.futboltotal.com.mx\/2017\/05\/tas-reduce-sancion-a-triverio-aguilar\/\">VER M\u00c1S: TAS reduce sanci\u00f3n a Triverio y Aguilar<\/a><\/p>\n<p>\u00a0<iframe loading=\"lazy\" src=\"https:\/\/www.youtube.com\/embed\/pn5zoXA2ou0\" frameborder=\"0\" allowfullscreen=\"allowfullscreen\"><\/iframe><\/p>\n<p>&#8221;\u00a0<s>#<\/s><b>RMHistory<\/b> <s>@<\/s><b>CH14_<\/b> marc\u00f3 el tanto que decidi\u00f3 la \u00faltima eliminatoria europea entre el Real Madrid y el <span style=\"text-decoration: line-through;\">@<\/span><b>Atleti<\/b>&#8220;, fue la frase con la que los blancos recordaron el gol del mexicano.<\/p>\n<p>&nbsp;<\/p>\n<blockquote class=\"twitter-tweet\" data-lang=\"es\">\n<p dir=\"ltr\" lang=\"es\">&#x1f44a;\u26bd <a href=\"https:\/\/twitter.com\/hashtag\/RMHistory?src=hash\">#RMHistory<\/a><a href=\"https:\/\/twitter.com\/CH14_\">@CH14_<\/a> marc\u00f3 el tanto que decidi\u00f3 la \u00faltima eliminatoria europea entre el Real Madrid y el <a href=\"https:\/\/twitter.com\/Atleti\">@Atleti<\/a><a href=\"https:\/\/t.co\/2co2BMvJSd\">https:\/\/t.co\/2co2BMvJSd<\/a><\/p>\n<p>\u2014 Real Madrid C. F. (@realmadrid) <a href=\"https:\/\/twitter.com\/realmadrid\/status\/859376928779771904\">2 de mayo de 2017<\/a><\/p><\/blockquote>\n<p><script async src=\"\/\/platform.twitter.com\/widgets.js\" charset=\"utf-8\"><\/script><\/p>\n","protected":false},"excerpt":{"rendered":"<p>El Madrid record\u00f3 el gol que Chicharito le marc\u00f3 a los Colchoneros en 2015.<\/p>\n","protected":false},"author":20,"featured_media":474552,"comment_status":"closed","ping_status":"closed","sticky":false,"template":"","format":"standard","meta":[],"categories":[3841,3839,3844,6718],"tags":[6007,4335,36,120,549,5988],"_links":{"self":[{"href":"http:\/\/desarrollo.grupomedios.com\/futbol\/wp-json\/wp\/v2\/posts\/476919"}],"collection":[{"href":"http:\/\/desarrollo.grupomedios.com\/futbol\/wp-json\/wp\/v2\/posts"}],"about":[{"href":"http:\/\/desarrollo.grupomedios.com\/futbol\/wp-json\/wp\/v2\/types\/post"}],"author":[{"embeddable":true,"href":"http:\/\/desarrollo.grupomedios.com\/futbol\/wp-json\/wp\/v2\/users\/20"}],"replies":[{"embeddable":true,"href":"http:\/\/desarrollo.grupomedios.com\/futbol\/wp-json\/wp\/v2\/comments?post=476919"}],"version-history":[{"count":1,"href":"http:\/\/desarrollo.grupomedios.com\/futbol\/wp-json\/wp\/v2\/posts\/476919\/revisions"}],"predecessor-version":[{"id":476924,"href":"http:\/\/desarrollo.grupomedios.com\/futbol\/wp-json\/wp\/v2\/posts\/476919\/revisions\/476924"}],"wp:featuredmedia":[{"embeddable":true,"href":"http:\/\/desarrollo.grupomedios.com\/futbol\/wp-json\/wp\/v2\/media\/474552"}],"wp:attachment":[{"href":"http:\/\/desarrollo.grupomedios.com\/futbol\/wp-json\/wp\/v2\/media?parent=476919"}],"wp:term":[{"taxonomy":"category","embeddable":true,"href":"http:\/\/desarrollo.grupomedios.com\/futbol\/wp-json\/wp\/v2\/categories?post=476919"},{"taxonomy":"post_tag","embeddable":true,"href":"http:\/\/desarrollo.grupomedios.com\/futbol\/wp-json\/wp\/v2\/tags?post=476919"}],"curies":[{"name":"wp","href":"https:\/\/api.w.org\/{rel}","templated":true}]}}